{"id":57226,"date":"2018-07-08T06:05:43","date_gmt":"2018-07-08T09:05:43","guid":{"rendered":"http:\/\/portalcatolico.net\/portal\/?p=57226"},"modified":"2018-07-09T06:06:10","modified_gmt":"2018-07-09T09:06:10","slug":"padre-valdeni-neris-celebra-12-anos-de-ordenacao-presbiteral","status":"publish","type":"post","link":"http:\/\/portalcatolico.net\/portal\/padre-valdeni-neris-celebra-12-anos-de-ordenacao-presbiteral\/","title":{"rendered":"Padre Valdeni Neris celebra 12 anos de ordena\u00e7\u00e3o presbiteral"},"content":{"rendered":"<p style=\"font-weight: 400;\">Neste domingo, 08 de julho, Padre Valdeni Neris celebra 12 anos de ordena\u00e7\u00e3o&nbsp;presbiteral. Atualmente, ele \u00e9 p\u00e1roco da Par\u00f3quia S\u00e3o Sebasti\u00e3o em Camacan (BA).<\/p>\n<p style=\"font-weight: 400;\">O sacerd\u00f3cio \u00e9&nbsp;voca\u00e7\u00e3o, \u00e9 ouvir o chamado de Deus, \u00e9 ren\u00fancia, \u00e9 doa\u00e7\u00e3o, pois \u00e9 preciso&nbsp;<br \/>\nabrir m\u00e3o de muitas coisas essenciais na vida, como a fam\u00edlia, o&nbsp;conforto, os amigos&#8230; \u00c9 um verdadeiro despojar-se de si mesmo para que no&nbsp;fim, se obtenha o tudo ofertado pelas m\u00e3os de Deus. \u00c9 ser firme, ser&nbsp;grato, estar disposto, \u00e9 ser forte e corajoso. Por isso, este \u00e9 um dia aben\u00e7oado,&nbsp;pois h\u00e1 12 anos Deus recebeu o seu SIM. Deus o conheceu, o escolheu e&nbsp;fez o vosso cora\u00e7\u00e3o pertencer a Ele, e a seu tempo, chamou-o para t\u00e3o&nbsp;sublime minist\u00e9rio.<\/p>\n<p style=\"font-weight: 400;\">A equipe do Portal Cat\u00f3lico de Not\u00edcias&nbsp;parabeniza o Padre Valdeni Neris, neste dia t\u00e3o especial e importante para o Senhor e para&nbsp;todas as pessoas, que ao longo desses anos, tiveram o privil\u00e9gio de fazer&nbsp;parte da sua caminhada e serem agraciadas por sentirem o amor e a&nbsp;presen\u00e7a de Deus atrav\u00e9s das suas homilias e do seu acolhimento.<\/p>\n<p>Foto:Reprodu\u00e7\u00e3o\/Facebook<\/p>\n","protected":false},"excerpt":{"rendered":"<p>Neste domingo, 08 de julho, Padre Valdeni Neris celebra 12 anos de ordena\u00e7\u00e3o&nbsp;presbiteral. Atualmente, ele \u00e9 p\u00e1roco da Par\u00f3quia S\u00e3o Sebasti\u00e3o em Camacan (BA). O sacerd\u00f3cio \u00e9&nbsp;voca\u00e7\u00e3o, \u00e9 ouvir o chamado de Deus, \u00e9 ren\u00fancia, \u00e9 doa\u00e7\u00e3o, pois \u00e9 preciso&nbsp; abrir m\u00e3o de muitas coisas essenciais na vida, como a fam\u00edlia, o&nbsp;conforto, os amigos&#8230; \u00c9&nbsp;<\/p>\n<p><a class=\"btn btn-style\" href=\"http:\/\/portalcatolico.net\/portal\/padre-valdeni-neris-celebra-12-anos-de-ordenacao-presbiteral\/\">Continue Reading<\/a><\/p>\n","protected":false},"author":2,"featured_media":57227,"comment_status":"open","ping_status":"open","sticky":false,"template":"","format":"standard","meta":{"footnotes":""},"categories":[4],"tags":[],"class_list":["post-57226","post","type-post","status-publish","format-standard","has-post-thumbnail","hentry","category-destaques"],"_links":{"self":[{"href":"http:\/\/portalcatolico.net\/portal\/wp-json\/wp\/v2\/posts\/57226","targetHints":{"allow":["GET"]}}],"collection":[{"href":"http:\/\/portalcatolico.net\/portal\/wp-json\/wp\/v2\/posts"}],"about":[{"href":"http:\/\/portalcatolico.net\/portal\/wp-json\/wp\/v2\/types\/post"}],"author":[{"embeddable":true,"href":"http:\/\/portalcatolico.net\/portal\/wp-json\/wp\/v2\/users\/2"}],"replies":[{"embeddable":true,"href":"http:\/\/portalcatolico.net\/portal\/wp-json\/wp\/v2\/comments?post=57226"}],"version-history":[{"count":1,"href":"http:\/\/portalcatolico.net\/portal\/wp-json\/wp\/v2\/posts\/57226\/revisions"}],"predecessor-version":[{"id":57228,"href":"http:\/\/portalcatolico.net\/portal\/wp-json\/wp\/v2\/posts\/57226\/revisions\/57228"}],"wp:featuredmedia":[{"embeddable":true,"href":"http:\/\/portalcatolico.net\/portal\/wp-json\/wp\/v2\/media\/57227"}],"wp:attachment":[{"href":"http:\/\/portalcatolico.net\/portal\/wp-json\/wp\/v2\/media?parent=57226"}],"wp:term":[{"taxonomy":"category","embeddable":true,"href":"http:\/\/portalcatolico.net\/portal\/wp-json\/wp\/v2\/categories?post=57226"},{"taxonomy":"post_tag","embeddable":true,"href":"http:\/\/portalcatolico.net\/portal\/wp-json\/wp\/v2\/tags?post=57226"}],"curies":[{"name":"wp","href":"https:\/\/api.w.org\/{rel}","templated":true}]}}