{"id":57223,"date":"2018-07-08T19:19:43","date_gmt":"2018-07-08T22:19:43","guid":{"rendered":"http:\/\/portalcatolico.net\/portal\/?p=57223"},"modified":"2018-07-08T19:20:06","modified_gmt":"2018-07-08T22:20:06","slug":"alegria-de-ser-dizimista","status":"publish","type":"post","link":"http:\/\/portalcatolico.net\/portal\/alegria-de-ser-dizimista\/","title":{"rendered":"Alegria de ser dizimista"},"content":{"rendered":"<p align=\"center\">No in\u00edcio de uma maneira muito t\u00edmida eu me questionei se estava fazendo a coisa certa, mas acolhi as palavras do Evangelho e resolvi fazer a experi\u00eancia e tornei-me dizimista em minha Par\u00f3quia.<\/p>\n<p>Mais tarde comecei a perceber como Deus \u00e9 bom, com que carinho Ele cuida de mim e da minha fam\u00edlia.<\/p>\n<p>Saber que tudo que est\u00e1 ao nosso redor foi criado por Deus, que seu imenso amor nos \u00e9 dado de gra\u00e7a, que n\u00e3o precisamos devolver nada e que a \u00fanica coisa que Ele espera de n\u00f3s \u00e9 que amemos os nossos irm\u00e3os, me fez sentir um pouco mais respons\u00e1vel pela nossa igreja.<\/p>\n<p>Partilhar os bens com alegria \u00e9 viver em plena harmonia com a comunidade, entendendo suas dificuldades e desafios, mas ao mesmo tempo compartilhando das alegrias e conquistas.<\/p>\n<p>Hoje eu sei que o d\u00edzimo partilhado em minha Par\u00f3quia n\u00e3o fica restrito apenas aos trabalhos realizados na comunidade, ele vai muito al\u00e9m. O D\u00edzimo contribui na manuten\u00e7\u00e3o do templo (Dimens\u00e3o Religiosa), na propaga\u00e7\u00e3o do Reino de Deus e na forma\u00e7\u00e3o de novos pastores, (Dimens\u00e3o Mission\u00e1ria) al\u00e9m do acolhimento e ajuda aos mais necessitados (Dimens\u00e3o Social).<\/p>\n<p>Enfim, a alegria de partilhar o meu D\u00edzimo faz com que eu me sinta vivo, que eu me sinta um crist\u00e3o de verdade, trilhando o caminho que foi tra\u00e7ado por Deus. As gra\u00e7as recebidas, o amor aos irm\u00e3os e a certeza de que estamos vivendo um amor fraterno me d\u00e1 a certeza de que fiz a escolha certa ao tornar-me dizimista.<\/p>\n<p>Venha voc\u00ea tamb\u00e9m sentir esta alegria, aceite o convite e fa\u00e7a a experi\u00eancia de ser dizimista.<\/p>\n<p>Fonte:Diocese de S\u00e3o Jos\u00e9 dos Campos<\/p>\n","protected":false},"excerpt":{"rendered":"<p>No in\u00edcio de uma maneira muito t\u00edmida eu me questionei se estava fazendo a coisa certa, mas acolhi as palavras do Evangelho e resolvi fazer a experi\u00eancia e tornei-me dizimista em minha Par\u00f3quia. Mais tarde comecei a perceber como Deus \u00e9 bom, com que carinho Ele cuida de mim e da minha fam\u00edlia. Saber que&nbsp;<\/p>\n<p><a class=\"btn btn-style\" href=\"http:\/\/portalcatolico.net\/portal\/alegria-de-ser-dizimista\/\">Continue Reading<\/a><\/p>\n","protected":false},"author":2,"featured_media":57224,"comment_status":"open","ping_status":"open","sticky":false,"template":"","format":"standard","meta":{"footnotes":""},"categories":[69],"tags":[],"class_list":["post-57223","post","type-post","status-publish","format-standard","has-post-thumbnail","hentry","category-artigos"],"_links":{"self":[{"href":"http:\/\/portalcatolico.net\/portal\/wp-json\/wp\/v2\/posts\/57223","targetHints":{"allow":["GET"]}}],"collection":[{"href":"http:\/\/portalcatolico.net\/portal\/wp-json\/wp\/v2\/posts"}],"about":[{"href":"http:\/\/portalcatolico.net\/portal\/wp-json\/wp\/v2\/types\/post"}],"author":[{"embeddable":true,"href":"http:\/\/portalcatolico.net\/portal\/wp-json\/wp\/v2\/users\/2"}],"replies":[{"embeddable":true,"href":"http:\/\/portalcatolico.net\/portal\/wp-json\/wp\/v2\/comments?post=57223"}],"version-history":[{"count":1,"href":"http:\/\/portalcatolico.net\/portal\/wp-json\/wp\/v2\/posts\/57223\/revisions"}],"predecessor-version":[{"id":57225,"href":"http:\/\/portalcatolico.net\/portal\/wp-json\/wp\/v2\/posts\/57223\/revisions\/57225"}],"wp:featuredmedia":[{"embeddable":true,"href":"http:\/\/portalcatolico.net\/portal\/wp-json\/wp\/v2\/media\/57224"}],"wp:attachment":[{"href":"http:\/\/portalcatolico.net\/portal\/wp-json\/wp\/v2\/media?parent=57223"}],"wp:term":[{"taxonomy":"category","embeddable":true,"href":"http:\/\/portalcatolico.net\/portal\/wp-json\/wp\/v2\/categories?post=57223"},{"taxonomy":"post_tag","embeddable":true,"href":"http:\/\/portalcatolico.net\/portal\/wp-json\/wp\/v2\/tags?post=57223"}],"curies":[{"name":"wp","href":"https:\/\/api.w.org\/{rel}","templated":true}]}}