{"id":57220,"date":"2018-07-08T15:38:20","date_gmt":"2018-07-08T18:38:20","guid":{"rendered":"http:\/\/portalcatolico.net\/portal\/?p=57220"},"modified":"2018-07-08T15:38:20","modified_gmt":"2018-07-08T18:38:20","slug":"muitos-batizados-vivem-como-se-cristo-nao-existisse-adverte-o-papa","status":"publish","type":"post","link":"http:\/\/portalcatolico.net\/portal\/muitos-batizados-vivem-como-se-cristo-nao-existisse-adverte-o-papa\/","title":{"rendered":"Muitos batizados vivem como se Cristo n\u00e3o existisse, adverte o Papa"},"content":{"rendered":"<p>O Papa Francisco lamentou, durante a ora\u00e7\u00e3o do \u00c2ngelus deste domingo, 8 de julho, que muitos crist\u00e3os vivem como se Cristo n\u00e3o existisse.<\/p>\n<p>O Santo Padre assinalou que \u201ca falta de f\u00e9 um obst\u00e1culo \u00e0 gra\u00e7a de Deus\u201d e assegurou que muitos crist\u00e3os \u201crepetem os gestos e os sinais da f\u00e9, mas a eles n\u00e3o correspondem uma real ades\u00e3o \u00e0 pessoa de Jesus e ao seu Evangelho\u201d.<\/p>\n<p>Em seu ensinamento, Francisco se centrou no epis\u00f3dio evang\u00e9lico em que \u201cJesus regressa a Nazar\u00e9 e come\u00e7a a ensinar na sinagoga em um s\u00e1bado\u201d.<\/p>\n<p>\u201cDesde que havia ido embora e iniciado a pregar nos povoados e nos vilarejos das redondezas, n\u00e3o tinha mais regressado \u00e0 sua p\u00e1tria. Portanto, toda a cidadezinha se reuniu para ouvir este filho do povo cuja fama de s\u00e1bio mestre e de poder de curador se difundia por toda a Galielia e outras regi\u00f5es\u201d, explicou o Pont\u00edfice.<\/p>\n<p>Entretanto, \u201caquilo que se anunciava como um sucesso, transformou-se em uma clamorosa rejei\u00e7\u00e3o, ao ponto de que Jesus n\u00e3o p\u00f4de fazer nenhum prod\u00edgio, apenas algumas curas\u201d.<\/p>\n<p>No Evangelho de Marcos narra-se a evolu\u00e7\u00e3o da atitude dos habitantes de Nazar\u00e9 para com Jesus. \u201cOs habitantes de Nazar\u00e9 primeiro escutam e ficam admirados. Depois, perguntam-se perplexos: \u2018De onde recebeu tudo isso, essa sabedoria?\u2019. E finalmente se escandalizam, reconhecendo nele o carpinteiro , o filho de Maria, que eles viram crescer\u201d.<\/p>\n<p>Por isso, \u201cJesus conclui com a express\u00e3o que se tornou em prov\u00e9rbio: \u2018Um profeta s\u00f3 n\u00e3o \u00e9 estimado em sua p\u00e1tria\u2019\u201d.<\/p>\n<p>O Papa perguntou: \u201cComo \u00e9 poss\u00edvel que os vizinhos de Jesus passem do estupor \u00e0 incredulidade? Eles fazem uma compara\u00e7\u00e3o entre a humilde origem de Jesus e suas capacidades atuais: \u00e9 um carpinteiro, n\u00e3o estudou, mesmo assim, prega melhor do que os escribas e faz milagres\u201d.<\/p>\n<p>Os habitantes de Nazar\u00e9, \u201cem vez de se abrir \u00e0 realidade, se escandalizam. Segundo eles, Deus \u00e9 demasiado grande para se abaixar e falar por meio de um homem t\u00e3o simples. \u00c9 o esc\u00e2ndalo da encarna\u00e7\u00e3o: o evento desconcertante de um Deus feito carne que pensa com mente de homem, trabalha e atua com as m\u00e3os de um homem, ama com cora\u00e7\u00e3o de homem. Um Deus que se cansa, que come e dorme como um de n\u00f3s\u201d.<\/p>\n<p>\u201cO Filho de Deus inverte todos os esquemas humanos: n\u00e3o s\u00e3o os disc\u00edpulos que lavam os p\u00e9s do Senhor, mas \u00e9 o Senhor que lava os p\u00e9s dos disc\u00edpulos. Este \u00e9 um motivo de esc\u00e2ndalo e de incredulidade em todas as \u00e9pocas, inclusive hoje\u201d, explicou o Papa.<\/p>\n<p>Frente a essa atitude, \u201cdevemos nos esfor\u00e7ar para abrir o cora\u00e7\u00e3o e a mente, para acolher a realidade divina que vem ao nosso encontro\u201d.<\/p>\n<p>O Santo Padre assegurou que \u201ca mudan\u00e7a introduzida por Jesus abriga seus disc\u00edpulos de ontem e de hoje a um exame pessoal e comunit\u00e1rio. Tamb\u00e9m em nossos dias, de fato, pode acontecer que nos nutramos de preconceitos que impe\u00e7am de acolher a realidade\u201d.<\/p>\n<p>\u201cO Senhor nos convida hoje a assumir uma atitude de escuta humilde e de espera d\u00f3cil, porque a gra\u00e7a de Deus com frequ\u00eancia nos \u00e9 apresentada de maneiras surpreendentes que n\u00e3o correspondem a nossas expectativas\u201d.<\/p>\n<p>O Papa citou como exemplo Madre Teresa de Calcut\u00e1, \u201cuma religiosa pequena, que ia pelas ruas recolhendo os moribundos para que tivessem uma morte digna. E esta pequena religiosa, com a ora\u00e7\u00e3o e suas obras, fez maravilhas. A pequenez daquela mulher revolucionou as obras de caridade na&nbsp;Igreja. \u00c9 um exemplo de nossos dias\u201d.<\/p>\n<p>Antes de finalizar seu ensinamento para rezar o \u00c2ngelus, Francisco afirmou que \u201ctodo crist\u00e3o, cada um de n\u00f3s, \u00e9 chamado a aprofundar nesta perten\u00e7a fundamental, buscando testemunh\u00e1-la com uma conduta de&nbsp;vida&nbsp;coerente, cujo fio condutor \u00e9 e sempre ser\u00e1 a caridade\u201d.(ACI Digital)<\/p>\n<p>Foto: Daniel Ib\u00e1\u00f1ez \/ ACI Prensa<\/p>\n","protected":false},"excerpt":{"rendered":"<p>O Papa Francisco lamentou, durante a ora\u00e7\u00e3o do \u00c2ngelus deste domingo, 8 de julho, que muitos crist\u00e3os vivem como se Cristo n\u00e3o existisse. O Santo Padre assinalou que \u201ca falta de f\u00e9 um obst\u00e1culo \u00e0 gra\u00e7a de Deus\u201d e assegurou que muitos crist\u00e3os \u201crepetem os gestos e os sinais da f\u00e9, mas a eles n\u00e3o&nbsp;<\/p>\n<p><a class=\"btn btn-style\" href=\"http:\/\/portalcatolico.net\/portal\/muitos-batizados-vivem-como-se-cristo-nao-existisse-adverte-o-papa\/\">Continue Reading<\/a><\/p>\n","protected":false},"author":2,"featured_media":57221,"comment_status":"open","ping_status":"open","sticky":false,"template":"","format":"standard","meta":{"footnotes":""},"categories":[5],"tags":[],"class_list":["post-57220","post","type-post","status-publish","format-standard","has-post-thumbnail","hentry","category-igreja_no_mundo"],"_links":{"self":[{"href":"http:\/\/portalcatolico.net\/portal\/wp-json\/wp\/v2\/posts\/57220","targetHints":{"allow":["GET"]}}],"collection":[{"href":"http:\/\/portalcatolico.net\/portal\/wp-json\/wp\/v2\/posts"}],"about":[{"href":"http:\/\/portalcatolico.net\/portal\/wp-json\/wp\/v2\/types\/post"}],"author":[{"embeddable":true,"href":"http:\/\/portalcatolico.net\/portal\/wp-json\/wp\/v2\/users\/2"}],"replies":[{"embeddable":true,"href":"http:\/\/portalcatolico.net\/portal\/wp-json\/wp\/v2\/comments?post=57220"}],"version-history":[{"count":1,"href":"http:\/\/portalcatolico.net\/portal\/wp-json\/wp\/v2\/posts\/57220\/revisions"}],"predecessor-version":[{"id":57222,"href":"http:\/\/portalcatolico.net\/portal\/wp-json\/wp\/v2\/posts\/57220\/revisions\/57222"}],"wp:featuredmedia":[{"embeddable":true,"href":"http:\/\/portalcatolico.net\/portal\/wp-json\/wp\/v2\/media\/57221"}],"wp:attachment":[{"href":"http:\/\/portalcatolico.net\/portal\/wp-json\/wp\/v2\/media?parent=57220"}],"wp:term":[{"taxonomy":"category","embeddable":true,"href":"http:\/\/portalcatolico.net\/portal\/wp-json\/wp\/v2\/categories?post=57220"},{"taxonomy":"post_tag","embeddable":true,"href":"http:\/\/portalcatolico.net\/portal\/wp-json\/wp\/v2\/tags?post=57220"}],"curies":[{"name":"wp","href":"https:\/\/api.w.org\/{rel}","templated":true}]}}