{"id":57216,"date":"2018-07-07T19:39:56","date_gmt":"2018-07-07T22:39:56","guid":{"rendered":"http:\/\/portalcatolico.net\/portal\/?p=57216"},"modified":"2018-07-07T19:39:56","modified_gmt":"2018-07-07T22:39:56","slug":"papa-a-paz-e-a-unica-alternativa-para-o-oriente-medio","status":"publish","type":"post","link":"http:\/\/portalcatolico.net\/portal\/papa-a-paz-e-a-unica-alternativa-para-o-oriente-medio\/","title":{"rendered":"Papa: a paz \u00e9 a \u00fanica alternativa para o Oriente M\u00e9dio"},"content":{"rendered":"<p>Papa no encontro pela paz: \u201cOs detentores do poder devem p\u00f4r-se, final e decididamente, ao servi\u00e7o da paz e n\u00e3o dos pr\u00f3prios interesses\u201d.<\/p>\n<p>O Santo Padre realizou no s\u00e1bado (07\/07) na cidade de Bari, sul da It\u00e1lia, um encontro ecum\u00eanico de reflex\u00e3o e ora\u00e7\u00e3o pela paz no Oriente M\u00e9dio.<\/p>\n<p>Ap\u00f3s o encontro de ora\u00e7\u00e3o, Francisco e os Patriarcas voltaram para a Bas\u00edlica de S\u00e3o Nicolau, onde s\u00e3o custodiadas as rel\u00edquias de S\u00e3o Nicolau, onde mantiveram um encontro privado de di\u00e1logo.<\/p>\n<h3>Nosso pecado \u00e9 a incoer\u00eancia<\/h3>\n<p>Ao t\u00e9rmino da reuni\u00e3o, o Santo Padre pronunciou um discurso conclusivo, no Sagrado da Bas\u00edlica de S\u00e3o Nicolau, dizendo inicialmente:<\/p>\n<p>\u201cSinto-me muito grato pela partilha que tivemos a gra\u00e7a de viver. Ajudamo-nos a redescobrir a nossa presen\u00e7a de crist\u00e3os no Oriente M\u00e9dio. Esta presen\u00e7a ser\u00e1 mais prof\u00e9tica se testemunharmos Jesus, Pr\u00edncipe da paz. Como Igreja, somos tentados, pelas l\u00f3gicas de poder e lucro, resolutivas e de conveni\u00eancia. Nosso pecado \u00e9 a incoer\u00eancia entre a f\u00e9 e a vida, que obscurece nosso testemunho crist\u00e3o\u201d.<\/p>\n<h3>Os gritos de guerra se transformar\u00e3o em c\u00e2nticos de paz<\/h3>\n<p>A Boa Nova de Jesus, crucificado e ressuscitado por amor, &#8211; disse Francisco \u2013 veio das terras do Oriente M\u00e9dio e conquistou o cora\u00e7\u00e3o do homem, ao longo dos s\u00e9culos. A f\u00e9 dos simples, enraizada no Oriente M\u00e9dio, \u00e9 fonte para saciar a nossa sede de paz. Eis o sentido deste encontro de ora\u00e7\u00e3o e reflex\u00e3o, proposto pelo Papa, que afirmou:<\/p>\n<p>\u201cEncorajados, uns aos outros, dialogamos fraternalmente. Este \u00e9 um sinal de que devemos buscar, cada vez mais, o encontro e a unidade, sem medo das nossas diferen\u00e7as. O mesmo acontece com a paz, que deve ser cultivada. N\u00e3o s\u00e3o as tr\u00e9guas, com a constru\u00e7\u00e3o de muros e provas de for\u00e7a, que trar\u00e3o a paz, mas a escuta e o di\u00e1logo. Somente assim os gritos de guerra se transformar\u00e3o em c\u00e2nticos de paz!\u201d<\/p>\n<h3>Basta usar o Oriente M\u00e9dio para lucros alheios<\/h3>\n<p>Para que isto seja poss\u00edvel &#8211; advertiu Francisco \u2013, \u201c\u00e9 essencial que os detentores do Poder se ponham, final e decididamente, ao servi\u00e7o aut\u00eantico da paz e n\u00e3o dos pr\u00f3prios interesses\u201d:<\/p>\n<p>\u201cBasta com os lucros de poucos \u00e0 custa de muitos! Basta com as ocupa\u00e7\u00f5es de terras, que dilaceram os povos! Basta prevalecer as verdades de parte sobre as esperan\u00e7as da gente! Basta usar o Oriente M\u00e9dio para lucros alheios. A guerra \u00e9 o flagelo que acomete tragicamente esta amada regi\u00e3o e as suas v\u00edtimas s\u00e3o sempre a gente simples\u201d.<\/p>\n<h3>N\u00e3o se pode falar de paz enquanto houver armas<\/h3>\n<p>Neste sentido, recordando a martirizada S\u00edria, o Santo Padre disse: \u201cA guerra \u00e9 filha do poder e da pobreza. Vence-se renunciando \u00e0s l\u00f3gicas da supremacia e erradicando a mis\u00e9ria. Muitos conflitos s\u00e3o fomentados tamb\u00e9m pelos fundamentalismos e os fanatismos, que, em nome da religi\u00e3o, blasfemam contra o nome de Deus, que \u00e9 Paz&#8221;. E o Papa acrescentou:<\/p>\n<p>\u201cA viol\u00eancia \u00e9 sempre alimentada pelas armas. N\u00e3o se pode falar de paz, enquanto houver corrida ao rearmamento. Esta \u00e9 uma grav\u00edssima responsabilidade, sobretudo das Na\u00e7\u00f5es mais poderosas. Que a li\u00e7\u00e3o de Hiroshima e Nagasaki n\u00e3o transforme as terras do Oriente, onde nasceu o Verbo da Paz, em obscuros sil\u00eancios. Basta com as contraposi\u00e7\u00f5es obstinadas! Basta com a sede de lucro, que se apodera das jazidas de g\u00e1s e de combust\u00edveis, sem respeitar a \u2018Casa comum\u2019!<\/p>\n<p>Que haja conviv\u00eancia pac\u00edfica, &#8211; acrescentou Francisco \u2013! Que seja tutelada a presen\u00e7a dos povos minorit\u00e1rios! Que haja cidadania comum e que os crist\u00e3os sejam todos cidad\u00e3os, com direitos iguais.<\/p>\n<h3>Solu\u00e7\u00e3o negociada<\/h3>\n<p>Por fim, o Papa dirigiu seu pensamento a Jerusal\u00e9m, cidade de todos os povos, cidade \u00fanica e sagrada para crist\u00e3os, judeus e mu\u00e7ulmanos do mundo inteiro, cuja identidade e voca\u00e7\u00e3o devem ser preservadas e cujo \u201cstatus quo\u201d seja respeitado, conforme a delibera\u00e7\u00e3o da Comunidade Internacional e das Comunidades crist\u00e3s da Terra Santa:<\/p>\n<p>\u201cSomente uma solu\u00e7\u00e3o negociada, entre Israelenses e Palestinos, firmemente desejada e favorecida pela Comunidade das Na\u00e7\u00f5es, poder\u00e1 contribuir para uma paz est\u00e1vel e duradoura e garantir a coexist\u00eancia de dois Estados para dois Povos\u201d.<\/p>\n<h3>O clamor das crian\u00e7as<\/h3>\n<p>O pensamento do Santo Padre dirigiu-se \u00e0s numerosas crian\u00e7as, que, no Oriente M\u00e9dio, choram pelas mortes violentas de suas fam\u00edlias e se v\u00eam obrigadas a fugir. Esta \u00e9 a morte da esperan\u00e7a! Que a humanidade ou\u00e7a o clamor das crian\u00e7as, &#8211; pediu encarecidamente o Papa -. Somente enxugando as suas l\u00e1grimas o mundo encontrar\u00e1 sua dignidade. Enfim, Francisco advertiu:<\/p>\n<p>\u201cQue o Oriente M\u00e9dio n\u00e3o seja mais uma \u2018arca de guerra\u2019 entre os Continentes, mas uma \u2018arca de paz\u2019, que acolhe os povos e as confiss\u00f5es religiosas. Querido Oriente M\u00e9dio, que sejam dissipadas as suas trevas de guerra, do poder, da viol\u00eancia, dos fanatismos, dos lucros in\u00edquos, da explora\u00e7\u00e3o, da pobreza, da desigualdade e do n\u00e3o reconhecimento dos direitos humanos. Que em toda a regi\u00e3o reinem a Paz e a Justi\u00e7a e que a b\u00ean\u00e7\u00e3o de Deus des\u00e7a sobre todos os seus habitantes\u201d.<\/p>\n<p>Ao t\u00e9rmino deste encontro de ora\u00e7\u00e3o e reflex\u00e3o, com os Patriarcas, pela Paz no Oriente M\u00e9dio, o Papa Francisco transferiu-se para o Arcebispado de Bari para o almo\u00e7o com os Patriarcas e l\u00edderes de outras Confiss\u00f5es religiosas.<\/p>\n<p><b>Por Manoel Tavares<\/b><\/p>\n<p>Fonte: Vatican News<\/p>\n<p style=\"text-align: center;\"><strong>Ou\u00e7a a reportagem com a voz do Papa Francisco<\/strong><\/p>\n<audio class=\"wp-audio-shortcode\" id=\"audio-57216-1\" preload=\"none\" style=\"width: 100%;\" controls=\"controls\"><source type=\"audio\/mpeg\" src=\"http:\/\/portalcatolico.net\/portal\/wp-content\/uploads\/2018\/07\/134522774_F134522774.mp3?_=1\" \/><a href=\"http:\/\/portalcatolico.net\/portal\/wp-content\/uploads\/2018\/07\/134522774_F134522774.mp3\">http:\/\/portalcatolico.net\/portal\/wp-content\/uploads\/2018\/07\/134522774_F134522774.mp3<\/a><\/audio>\n","protected":false},"excerpt":{"rendered":"<p>Papa no encontro pela paz: \u201cOs detentores do poder devem p\u00f4r-se, final e decididamente, ao servi\u00e7o da paz e n\u00e3o dos pr\u00f3prios interesses\u201d. O Santo Padre realizou no s\u00e1bado (07\/07) na cidade de Bari, sul da It\u00e1lia, um encontro ecum\u00eanico de reflex\u00e3o e ora\u00e7\u00e3o pela paz no Oriente M\u00e9dio. Ap\u00f3s o encontro de ora\u00e7\u00e3o, Francisco&nbsp;<\/p>\n<p><a class=\"btn btn-style\" href=\"http:\/\/portalcatolico.net\/portal\/papa-a-paz-e-a-unica-alternativa-para-o-oriente-medio\/\">Continue Reading<\/a><\/p>\n","protected":false},"author":2,"featured_media":57218,"comment_status":"open","ping_status":"open","sticky":false,"template":"","format":"standard","meta":{"footnotes":""},"categories":[5],"tags":[],"class_list":["post-57216","post","type-post","status-publish","format-standard","has-post-thumbnail","hentry","category-igreja_no_mundo"],"_links":{"self":[{"href":"http:\/\/portalcatolico.net\/portal\/wp-json\/wp\/v2\/posts\/57216","targetHints":{"allow":["GET"]}}],"collection":[{"href":"http:\/\/portalcatolico.net\/portal\/wp-json\/wp\/v2\/posts"}],"about":[{"href":"http:\/\/portalcatolico.net\/portal\/wp-json\/wp\/v2\/types\/post"}],"author":[{"embeddable":true,"href":"http:\/\/portalcatolico.net\/portal\/wp-json\/wp\/v2\/users\/2"}],"replies":[{"embeddable":true,"href":"http:\/\/portalcatolico.net\/portal\/wp-json\/wp\/v2\/comments?post=57216"}],"version-history":[{"count":1,"href":"http:\/\/portalcatolico.net\/portal\/wp-json\/wp\/v2\/posts\/57216\/revisions"}],"predecessor-version":[{"id":57219,"href":"http:\/\/portalcatolico.net\/portal\/wp-json\/wp\/v2\/posts\/57216\/revisions\/57219"}],"wp:featuredmedia":[{"embeddable":true,"href":"http:\/\/portalcatolico.net\/portal\/wp-json\/wp\/v2\/media\/57218"}],"wp:attachment":[{"href":"http:\/\/portalcatolico.net\/portal\/wp-json\/wp\/v2\/media?parent=57216"}],"wp:term":[{"taxonomy":"category","embeddable":true,"href":"http:\/\/portalcatolico.net\/portal\/wp-json\/wp\/v2\/categories?post=57216"},{"taxonomy":"post_tag","embeddable":true,"href":"http:\/\/portalcatolico.net\/portal\/wp-json\/wp\/v2\/tags?post=57216"}],"curies":[{"name":"wp","href":"https:\/\/api.w.org\/{rel}","templated":true}]}}