{"id":57213,"date":"2018-07-06T21:09:39","date_gmt":"2018-07-07T00:09:39","guid":{"rendered":"http:\/\/portalcatolico.net\/portal\/?p=57213"},"modified":"2018-07-06T21:09:39","modified_gmt":"2018-07-07T00:09:39","slug":"papa-emerito-bento-xvi-volta-a-escrever","status":"publish","type":"post","link":"http:\/\/portalcatolico.net\/portal\/papa-emerito-bento-xvi-volta-a-escrever\/","title":{"rendered":"Papa em\u00e9rito Bento XVI volta a escrever"},"content":{"rendered":"<div class=\"article__subTitle\">O texto, intitulado \u201cMiseric\u00f3rdia e voca\u00e7\u00e3o sem arrependimentos\u201d, aprofunda um documento publicado, em 2015, pela Comiss\u00e3o da Santa S\u00e9 para as Rela\u00e7\u00f5es Religiosas com o Juda\u00edsmo.<\/div>\n<div class=\"title__separator\">&nbsp;<\/div>\n<div class=\"article__text\">\n<p>O Papa em\u00e9rito Bento XVI voltou a escrever. Na \u00faltima edi\u00e7\u00e3o de&nbsp;<b>\u201cCommunio\u201d, revista teol\u00f3gica internacional,&nbsp;<\/b>h\u00e1 uma sua contribui\u00e7\u00e3o para o di\u00e1logo entre crist\u00e3os e judeus.<\/p>\n<p>O texto, intitulado \u201cMiseric\u00f3rdia e voca\u00e7\u00e3o sem arrependimentos\u201d, aprofunda um documento publicado, em 2015, pela Comiss\u00e3o da Santa S\u00e9 para as Rela\u00e7\u00f5es Religiosas com o Juda\u00edsmo, a fim de dar uma nova dire\u00e7\u00e3o \u00e0 rela\u00e7\u00e3o entre judeus e crist\u00e3os h\u00e1 50 anos da Declara\u00e7\u00e3o conciliar \u201cNostra Aetate\u201d.<\/p>\n<p>O objetivo do texto de Bento XVI \u00e9 propor uma reflex\u00e3o sobre o cancelamento p\u00f3s-conciliar da \u201cteoria da substitui\u00e7\u00e3o\u201d e sobre o conceito de \u201calian\u00e7a nunca dissolvida\u201d.<\/p>\n<p>O pref\u00e1cio escrito pelo cardeal Kurt Koch mostra que Bento XVI entregou ao purpurado o seu ensaio como uma reflex\u00e3o pessoal, n\u00e3o destinada \u00e0 publica\u00e7\u00e3o.<\/p>\n<p>Por\u00e9m, o cardeal Koch conseguiu convencer o Papa em\u00e9rito a publicar o texto na revista \u201cCommunio\u201d, fundada tamb\u00e9m por Joseph Ratzinger, para que pudesse ser, conforme escreve o purpurado, uma contribui\u00e7\u00e3o \u201ca um di\u00e1logo teol\u00f3gico mais profundo entre a Igreja Cat\u00f3lica e o Juda\u00edsmo\u201d, um di\u00e1logo que Ratzinger \u201csempre levou muito a s\u00e9rio\u201d.<\/p>\n<h2><b>Contribui\u00e7\u00e3o importante<\/b><\/h2>\n<p>O texto, assinado \u201cJoseph Ratzinger \u2013 Bento XVI\u201d, datado 26 de outubro de 2017, \u00e9 uma reflex\u00e3o cr\u00edtica dos modelos atuais no di\u00e1logo judaico-crist\u00e3o e na medita\u00e7\u00e3o teol\u00f3gica sobre a rela\u00e7\u00e3o entre juda\u00edsmo e cristianismo.<\/p>\n<p>Concretamente, Bento XVI acredita que as duas express\u00f5es \u201cteoria da substitui\u00e7\u00e3o\u201d e \u201calian\u00e7a nunca dissolvida\u201d precisam ser aprimoradas.<\/p>\n<p>\u201cAs duas teses, que Israel n\u00e3o \u00e9 substitu\u00eddo pela Igreja e que a alian\u00e7a nunca foi dissolvida, s\u00e3o geralmente corretas\u201d, escreve Bento XVI em seu texto, \u201cmesmo que em muitos aspectos n\u00e3o sejam suficientemente precisas e necessitam de maior reflex\u00e3o cr\u00edtica\u201d.<\/p>\n<p>\u201cAssim\u201d, afirma o Papa em\u00e9rito, \u201ca ideia de que a Igreja tomou o lugar de Israel nunca existiu como tal\u201d. De fato, do ponto de vista crist\u00e3o, o juda\u00edsmo tem um status especial:&nbsp;<\/p>\n<div>\n<div class=\"article__embed article__embed--border embed_style\">\n<blockquote><p>\u201c O Juda\u00edsmo n\u00e3o \u00e9 uma religi\u00e3o entre outras, mas est\u00e1 numa condi\u00e7\u00e3o especial e como tal deve ser reconhecido pela Igreja. \u201d<\/p><\/blockquote>\n<\/div>\n<\/div>\n<h2><b>Teoria hoje insuficiente<\/b><\/h2>\n<p>Tamb\u00e9m a quest\u00e3o da \u201calian\u00e7a nunca dissolvida\u201d entre Deus e os judeus, afirma\u00e7\u00e3o que remonta a Jo\u00e3o Paulo II e que hoje faz parte do horizonte \u00f3bvio de interpreta\u00e7\u00e3o do juda\u00edsmo do ponto de vista crist\u00e3o, requer, segundo Bento XVI, uma diferencia\u00e7\u00e3o.<\/p>\n<p>Esta afirma\u00e7\u00e3o \u201cdeve ser considerada correta\u201d em princ\u00edpio, \u201cmas no detalhe ainda precisa de muitos esclarecimentos e aprofundamentos\u201d.<\/p>\n<p>\u201cA f\u00f3rmula da \u2018alian\u00e7a nunca dissolvida\u2019 certamente foi de grande ajuda na primeira fase do novo di\u00e1logo entre judeus e crist\u00e3os, mas a longo prazo n\u00e3o \u00e9 suficiente para expressar a grandeza da realidade de maneira suficientemente apropriada\u201d, conclui Bento XVI. (Vatican News)<\/p>\n<\/div>\n","protected":false},"excerpt":{"rendered":"<p>O texto, intitulado \u201cMiseric\u00f3rdia e voca\u00e7\u00e3o sem arrependimentos\u201d, aprofunda um documento publicado, em 2015, pela Comiss\u00e3o da Santa S\u00e9 para as Rela\u00e7\u00f5es Religiosas com o Juda\u00edsmo. &nbsp; O Papa em\u00e9rito Bento XVI voltou a escrever. Na \u00faltima edi\u00e7\u00e3o de&nbsp;\u201cCommunio\u201d, revista teol\u00f3gica internacional,&nbsp;h\u00e1 uma sua contribui\u00e7\u00e3o para o di\u00e1logo entre crist\u00e3os e judeus. O texto, intitulado&nbsp;<\/p>\n<p><a class=\"btn btn-style\" href=\"http:\/\/portalcatolico.net\/portal\/papa-emerito-bento-xvi-volta-a-escrever\/\">Continue Reading<\/a><\/p>\n","protected":false},"author":2,"featured_media":57214,"comment_status":"open","ping_status":"open","sticky":false,"template":"","format":"standard","meta":{"footnotes":""},"categories":[5],"tags":[],"class_list":["post-57213","post","type-post","status-publish","format-standard","has-post-thumbnail","hentry","category-igreja_no_mundo"],"_links":{"self":[{"href":"http:\/\/portalcatolico.net\/portal\/wp-json\/wp\/v2\/posts\/57213","targetHints":{"allow":["GET"]}}],"collection":[{"href":"http:\/\/portalcatolico.net\/portal\/wp-json\/wp\/v2\/posts"}],"about":[{"href":"http:\/\/portalcatolico.net\/portal\/wp-json\/wp\/v2\/types\/post"}],"author":[{"embeddable":true,"href":"http:\/\/portalcatolico.net\/portal\/wp-json\/wp\/v2\/users\/2"}],"replies":[{"embeddable":true,"href":"http:\/\/portalcatolico.net\/portal\/wp-json\/wp\/v2\/comments?post=57213"}],"version-history":[{"count":1,"href":"http:\/\/portalcatolico.net\/portal\/wp-json\/wp\/v2\/posts\/57213\/revisions"}],"predecessor-version":[{"id":57215,"href":"http:\/\/portalcatolico.net\/portal\/wp-json\/wp\/v2\/posts\/57213\/revisions\/57215"}],"wp:featuredmedia":[{"embeddable":true,"href":"http:\/\/portalcatolico.net\/portal\/wp-json\/wp\/v2\/media\/57214"}],"wp:attachment":[{"href":"http:\/\/portalcatolico.net\/portal\/wp-json\/wp\/v2\/media?parent=57213"}],"wp:term":[{"taxonomy":"category","embeddable":true,"href":"http:\/\/portalcatolico.net\/portal\/wp-json\/wp\/v2\/categories?post=57213"},{"taxonomy":"post_tag","embeddable":true,"href":"http:\/\/portalcatolico.net\/portal\/wp-json\/wp\/v2\/tags?post=57213"}],"curies":[{"name":"wp","href":"https:\/\/api.w.org\/{rel}","templated":true}]}}