{"id":57209,"date":"2018-07-10T21:05:27","date_gmt":"2018-07-11T00:05:27","guid":{"rendered":"http:\/\/portalcatolico.net\/portal\/?p=57209"},"modified":"2018-07-06T21:06:00","modified_gmt":"2018-07-07T00:06:00","slug":"paroquia-em-itabuna-realiza-o-iii-cerco-de-jerico-participe","status":"publish","type":"post","link":"http:\/\/portalcatolico.net\/portal\/paroquia-em-itabuna-realiza-o-iii-cerco-de-jerico-participe\/","title":{"rendered":"Paroquia em Itabuna realiza o III Cerco de Jeric\u00f3. Participe!"},"content":{"rendered":"<p style=\"font-weight: 400;\">O Grupo de Ora\u00e7\u00e3o Nossa Senhora Aparecida (RCC) da Par\u00f3quia Nossa&nbsp;Senhora Aparecida, situada no bairro Calif\u00f3rnia em Itabuna, realizar\u00e1 entre os dias&nbsp; 16 a 22 de Julho, na Igreja matriz, o III Cerco de&nbsp;<br \/>\nJeric\u00f3, com in\u00edcio todas as noites sempre \u00e1s 18h.<\/p>\n<p style=\"font-weight: 400;\">&nbsp;Ser\u00e3o 7 dias de ora\u00e7\u00f5es&nbsp;intensas, Adora\u00e7\u00e3o ao Jesus Eucar\u00edstico,&nbsp;<br \/>\nros\u00e1rio e santa missa.&nbsp;<\/p>\n<p>Conforme o professor Felipe Aquino, o Cerco de Jeric\u00f3 nasceu na Pol\u00f4nia.&nbsp;&nbsp;O Santo Padre devia ir \u00e0 Pol\u00f4nia a 8 de maio de 1979, para o 91\u00ba&nbsp;anivers\u00e1rio do mart\u00edrio de santo Estanislau, Bispo de Crac\u00f3via.<\/p>\n<p style=\"font-weight: 400;\">Em fins&nbsp; de novembro de 1978, 7 semanas depois do Conclave que havia eleito Jo\u00e3o&nbsp;Paulo II, a Sant\u00edssima Virgem deu uma mensagem onde dizia: &#8220;Para a&nbsp;prepara\u00e7\u00e3o da primeira peregrina\u00e7\u00e3o do Papa \u00e0 sua P\u00e1tria, deve-se&nbsp;organizar na primeira semana de maio, em Jasna Gora, um Congresso de&nbsp;Ros\u00e1rio: 7 dias e 6 noites de ros\u00e1rios consecutivos, diante do&nbsp;Sant\u00edssimo Sacramento exposto&#8221;.<\/p>\n","protected":false},"excerpt":{"rendered":"<p>O Grupo de Ora\u00e7\u00e3o Nossa Senhora Aparecida (RCC) da Par\u00f3quia Nossa&nbsp;Senhora Aparecida, situada no bairro Calif\u00f3rnia em Itabuna, realizar\u00e1 entre os dias&nbsp; 16 a 22 de Julho, na Igreja matriz, o III Cerco de&nbsp; Jeric\u00f3, com in\u00edcio todas as noites sempre \u00e1s 18h. &nbsp;Ser\u00e3o 7 dias de ora\u00e7\u00f5es&nbsp;intensas, Adora\u00e7\u00e3o ao Jesus Eucar\u00edstico,&nbsp; ros\u00e1rio e santa&nbsp;<\/p>\n<p><a class=\"btn btn-style\" href=\"http:\/\/portalcatolico.net\/portal\/paroquia-em-itabuna-realiza-o-iii-cerco-de-jerico-participe\/\">Continue Reading<\/a><\/p>\n","protected":false},"author":2,"featured_media":57210,"comment_status":"open","ping_status":"open","sticky":false,"template":"","format":"standard","meta":{"footnotes":""},"categories":[1],"tags":[],"class_list":["post-57209","post","type-post","status-publish","format-standard","has-post-thumbnail","hentry","category-agenda"],"_links":{"self":[{"href":"http:\/\/portalcatolico.net\/portal\/wp-json\/wp\/v2\/posts\/57209","targetHints":{"allow":["GET"]}}],"collection":[{"href":"http:\/\/portalcatolico.net\/portal\/wp-json\/wp\/v2\/posts"}],"about":[{"href":"http:\/\/portalcatolico.net\/portal\/wp-json\/wp\/v2\/types\/post"}],"author":[{"embeddable":true,"href":"http:\/\/portalcatolico.net\/portal\/wp-json\/wp\/v2\/users\/2"}],"replies":[{"embeddable":true,"href":"http:\/\/portalcatolico.net\/portal\/wp-json\/wp\/v2\/comments?post=57209"}],"version-history":[{"count":2,"href":"http:\/\/portalcatolico.net\/portal\/wp-json\/wp\/v2\/posts\/57209\/revisions"}],"predecessor-version":[{"id":57212,"href":"http:\/\/portalcatolico.net\/portal\/wp-json\/wp\/v2\/posts\/57209\/revisions\/57212"}],"wp:featuredmedia":[{"embeddable":true,"href":"http:\/\/portalcatolico.net\/portal\/wp-json\/wp\/v2\/media\/57210"}],"wp:attachment":[{"href":"http:\/\/portalcatolico.net\/portal\/wp-json\/wp\/v2\/media?parent=57209"}],"wp:term":[{"taxonomy":"category","embeddable":true,"href":"http:\/\/portalcatolico.net\/portal\/wp-json\/wp\/v2\/categories?post=57209"},{"taxonomy":"post_tag","embeddable":true,"href":"http:\/\/portalcatolico.net\/portal\/wp-json\/wp\/v2\/tags?post=57209"}],"curies":[{"name":"wp","href":"https:\/\/api.w.org\/{rel}","templated":true}]}}