{"id":57204,"date":"2018-07-11T00:10:09","date_gmt":"2018-07-11T03:10:09","guid":{"rendered":"http:\/\/portalcatolico.net\/portal\/?p=57204"},"modified":"2018-07-11T06:25:06","modified_gmt":"2018-07-11T09:25:06","slug":"vem-ai-a-20a-edicao-do-semear-em-itabuna","status":"publish","type":"post","link":"http:\/\/portalcatolico.net\/portal\/vem-ai-a-20a-edicao-do-semear-em-itabuna\/","title":{"rendered":"Vem a\u00ed a 20\u00aa edi\u00e7\u00e3o do Semear em Itabuna"},"content":{"rendered":"<p style=\"font-weight: 400;\">Semear, o encontro do povo de Deus, completa 20 anos de evangeliza\u00e7\u00e3o e&nbsp;a Comunidade Rainha da Paz da Diocese de Itabuna, no sul da Bahia, neste&nbsp;ano de 2018, vai celebrar os 25 anos de exist\u00eancia da comunidade, na&nbsp;cidade de Itabuna (BA).<\/p>\n<p style=\"font-weight: 400;\">O evento vai ser realizado&nbsp; em&nbsp;nos dias 14 e 15 de julho, no Col\u00e9gio&nbsp;Sistema, e ser\u00e1 composto por prega\u00e7\u00e3o, santa missa&nbsp;todos os dias, Adora\u00e7\u00e3o ao Jesus Eucar\u00edstico, clamor e ora\u00e7\u00e3o,noite&nbsp;oracional&nbsp;,&nbsp;espa\u00e7o Kids para as&nbsp;crian\u00e7as dos participantes.<\/p>\n<p style=\"font-weight: 400;\">O Semear este ano conta com as presen\u00e7as especiais de F\u00e1tima Souza (noite oracional),&nbsp;Antonieta Sales, Maria Marin (prega\u00e7\u00e3o) e do Bispo da Diocese de&nbsp;Itabuna, Dom Carlos Alberto dos Santos.<\/p>\n<p><span style=\"font-weight: 400;\">Segundo a coordena\u00e7\u00e3o, ser\u00e1 disponibilizado um espa\u00e7o com alojamento.<\/span><span style=\"font-weight: 400;\">O evento ter\u00e1 in\u00edcio no s\u00e1bado (14), \u00e0s 8h e o ingresso custa apenas 10 reais.<\/span><\/p>\n<p>Para maiores informa\u00e7\u00f5es, entre em contato pelos telefones: (73) 9&nbsp;<br \/>\n9126-8563\/ (73) 9 9162-9068.<br \/>\nParticipe!<\/p>\n","protected":false},"excerpt":{"rendered":"<p>Semear, o encontro do povo de Deus, completa 20 anos de evangeliza\u00e7\u00e3o e&nbsp;a Comunidade Rainha da Paz da Diocese de Itabuna, no sul da Bahia, neste&nbsp;ano de 2018, vai celebrar os 25 anos de exist\u00eancia da comunidade, na&nbsp;cidade de Itabuna (BA). O evento vai ser realizado&nbsp; em&nbsp;nos dias 14 e 15 de julho, no Col\u00e9gio&nbsp;Sistema,&nbsp;<\/p>\n<p><a class=\"btn btn-style\" href=\"http:\/\/portalcatolico.net\/portal\/vem-ai-a-20a-edicao-do-semear-em-itabuna\/\">Continue Reading<\/a><\/p>\n","protected":false},"author":2,"featured_media":57205,"comment_status":"open","ping_status":"open","sticky":false,"template":"","format":"standard","meta":{"footnotes":""},"categories":[1],"tags":[],"class_list":["post-57204","post","type-post","status-publish","format-standard","has-post-thumbnail","hentry","category-agenda"],"_links":{"self":[{"href":"http:\/\/portalcatolico.net\/portal\/wp-json\/wp\/v2\/posts\/57204","targetHints":{"allow":["GET"]}}],"collection":[{"href":"http:\/\/portalcatolico.net\/portal\/wp-json\/wp\/v2\/posts"}],"about":[{"href":"http:\/\/portalcatolico.net\/portal\/wp-json\/wp\/v2\/types\/post"}],"author":[{"embeddable":true,"href":"http:\/\/portalcatolico.net\/portal\/wp-json\/wp\/v2\/users\/2"}],"replies":[{"embeddable":true,"href":"http:\/\/portalcatolico.net\/portal\/wp-json\/wp\/v2\/comments?post=57204"}],"version-history":[{"count":3,"href":"http:\/\/portalcatolico.net\/portal\/wp-json\/wp\/v2\/posts\/57204\/revisions"}],"predecessor-version":[{"id":57208,"href":"http:\/\/portalcatolico.net\/portal\/wp-json\/wp\/v2\/posts\/57204\/revisions\/57208"}],"wp:featuredmedia":[{"embeddable":true,"href":"http:\/\/portalcatolico.net\/portal\/wp-json\/wp\/v2\/media\/57205"}],"wp:attachment":[{"href":"http:\/\/portalcatolico.net\/portal\/wp-json\/wp\/v2\/media?parent=57204"}],"wp:term":[{"taxonomy":"category","embeddable":true,"href":"http:\/\/portalcatolico.net\/portal\/wp-json\/wp\/v2\/categories?post=57204"},{"taxonomy":"post_tag","embeddable":true,"href":"http:\/\/portalcatolico.net\/portal\/wp-json\/wp\/v2\/tags?post=57204"}],"curies":[{"name":"wp","href":"https:\/\/api.w.org\/{rel}","templated":true}]}}