{"id":57201,"date":"2018-07-06T20:52:26","date_gmt":"2018-07-06T23:52:26","guid":{"rendered":"http:\/\/portalcatolico.net\/portal\/?p=57201"},"modified":"2018-07-06T20:52:26","modified_gmt":"2018-07-06T23:52:26","slug":"paroquia-em-itabuna-celebra-santa-maria-madalena","status":"publish","type":"post","link":"http:\/\/portalcatolico.net\/portal\/paroquia-em-itabuna-celebra-santa-maria-madalena\/","title":{"rendered":"Par\u00f3quia em Itabuna celebra Santa Maria Madalena"},"content":{"rendered":"<p style=\"font-weight: 400;\">O padre Tony Val\u00e9rio, p\u00e1roco da Par\u00f3quia Santa Maria Madalena, situada&nbsp;no bairro Nova Itabuna, na Diocese de Itabuna, no sul da Bahia, convida&nbsp;a todos para participarem do Noven\u00e1rio em honra \u00e0&nbsp; Santa&nbsp;Maria Madalena.<\/p>\n<p style=\"font-weight: 400;\">O Tema central da festa para este ano \u00e9: &#8220;Maria Madalena&nbsp;exemplo de leiga&nbsp; e servidora na Missa de Jesus&#8221;.<br \/>\nO Noven\u00e1rio ter\u00e1 in\u00edcio no dia&nbsp; 13 de julho e segue at\u00e9&nbsp; a 22, com&nbsp;missa todas as noites, quermesse,&nbsp; entre outros momento de evangeliza\u00e7\u00e3o.&nbsp;<br \/>\nNo dia 22 , o bloco Vem&nbsp;pra Cristo se apresenta com o tema :&#8221;Eu Tenho A Marca Da Vit\u00f3ria&#8221;<br \/>\nA camisa do bloco est\u00e1 sendo vendida a 12 reais. Na oportunidade, haver\u00e1 trio el\u00e9trico e um carro pipa com a \u00e1gua aben\u00e7oada Os interessados devem procurar&nbsp; a secretaria da par\u00f3quia.<br \/>\nVale ressaltar ainda, que a santa missa solene do dia 22, acontecer\u00e1 \u00e0s&nbsp;17h, e s\u00f3 depois, o bloco seguir\u00e1 pelas ruas do bairro.&nbsp;Participe!<\/p>\n","protected":false},"excerpt":{"rendered":"<p>O padre Tony Val\u00e9rio, p\u00e1roco da Par\u00f3quia Santa Maria Madalena, situada&nbsp;no bairro Nova Itabuna, na Diocese de Itabuna, no sul da Bahia, convida&nbsp;a todos para participarem do Noven\u00e1rio em honra \u00e0&nbsp; Santa&nbsp;Maria Madalena. O Tema central da festa para este ano \u00e9: &#8220;Maria Madalena&nbsp;exemplo de leiga&nbsp; e servidora na Missa de Jesus&#8221;. O Noven\u00e1rio ter\u00e1&nbsp;<\/p>\n<p><a class=\"btn btn-style\" href=\"http:\/\/portalcatolico.net\/portal\/paroquia-em-itabuna-celebra-santa-maria-madalena\/\">Continue Reading<\/a><\/p>\n","protected":false},"author":2,"featured_media":57202,"comment_status":"open","ping_status":"open","sticky":false,"template":"","format":"standard","meta":{"footnotes":""},"categories":[1],"tags":[],"class_list":["post-57201","post","type-post","status-publish","format-standard","has-post-thumbnail","hentry","category-agenda"],"_links":{"self":[{"href":"http:\/\/portalcatolico.net\/portal\/wp-json\/wp\/v2\/posts\/57201","targetHints":{"allow":["GET"]}}],"collection":[{"href":"http:\/\/portalcatolico.net\/portal\/wp-json\/wp\/v2\/posts"}],"about":[{"href":"http:\/\/portalcatolico.net\/portal\/wp-json\/wp\/v2\/types\/post"}],"author":[{"embeddable":true,"href":"http:\/\/portalcatolico.net\/portal\/wp-json\/wp\/v2\/users\/2"}],"replies":[{"embeddable":true,"href":"http:\/\/portalcatolico.net\/portal\/wp-json\/wp\/v2\/comments?post=57201"}],"version-history":[{"count":1,"href":"http:\/\/portalcatolico.net\/portal\/wp-json\/wp\/v2\/posts\/57201\/revisions"}],"predecessor-version":[{"id":57203,"href":"http:\/\/portalcatolico.net\/portal\/wp-json\/wp\/v2\/posts\/57201\/revisions\/57203"}],"wp:featuredmedia":[{"embeddable":true,"href":"http:\/\/portalcatolico.net\/portal\/wp-json\/wp\/v2\/media\/57202"}],"wp:attachment":[{"href":"http:\/\/portalcatolico.net\/portal\/wp-json\/wp\/v2\/media?parent=57201"}],"wp:term":[{"taxonomy":"category","embeddable":true,"href":"http:\/\/portalcatolico.net\/portal\/wp-json\/wp\/v2\/categories?post=57201"},{"taxonomy":"post_tag","embeddable":true,"href":"http:\/\/portalcatolico.net\/portal\/wp-json\/wp\/v2\/tags?post=57201"}],"curies":[{"name":"wp","href":"https:\/\/api.w.org\/{rel}","templated":true}]}}