{"id":57198,"date":"2018-07-06T06:03:05","date_gmt":"2018-07-06T09:03:05","guid":{"rendered":"http:\/\/portalcatolico.net\/portal\/?p=57198"},"modified":"2018-07-06T06:03:05","modified_gmt":"2018-07-06T09:03:05","slug":"consistorio-para-a-canonizacao-do-beato-nunzio-sulprizio-leigo","status":"publish","type":"post","link":"http:\/\/portalcatolico.net\/portal\/consistorio-para-a-canonizacao-do-beato-nunzio-sulprizio-leigo\/","title":{"rendered":"Consist\u00f3rio para a canoniza\u00e7\u00e3o do Beato Nunzio Sulprizio, leigo"},"content":{"rendered":"<p>O Papa Francisco presidir\u00e1 na quinta-feira, 19 de julho pr\u00f3ximo, \u00e0s 10 horas, no Sal\u00e3o do Consist\u00f3rio do Pal\u00e1cio Apost\u00f3lico no Vaticano, a celebra\u00e7\u00e3o da Hora Terceira e o Consist\u00f3rio Ordin\u00e1rio P\u00fablico, para a Canoniza\u00e7\u00e3o do leigo Beato Nunzio Sulprizio.<\/p>\n<p>Nunzio Sulprizio foi beatificado pelo Papa Jo\u00e3o XXIII, em 7 de mar\u00e7o de 1963, quando o, ent\u00e3o, Papa promulgou o decreto que aprovava os milagres reconhecidos para a beatifica\u00e7\u00e3o do leigo servo de Deus.<\/p>\n<p>Mas, Jo\u00e3o XXIII n\u00e3o presidiu a cerim\u00f4nia de Beatifica\u00e7\u00e3o porque, pouco depois, em 03 de junho, ele faleceu.<\/p>\n<p>Ent\u00e3o, a proclama\u00e7\u00e3o de Beato foi realizada em 1\u00ba de dezembro pelo seu sucessor o Papa Paulo VI, que na ocasi\u00e3o em 1\u00ba de dezembro, sob &#8220;aclama\u00e7\u00f5es dos Padres Conciliares e do povo&#8221;, como escreveu na ocasi\u00e3o o L&#8217;Osservatore Romano.<\/p>\n<p>O jornal oficioso do Vaticano informou tamb\u00e9m que o Pont\u00edfice salientou: &#8220;O jovem Sulprizio \u00e9 o beato da nossa idade&#8221;, e convidou todos a &#8220;fazerem amizade com este querido Beato e pensar humildemente como devemos aproximar a sua conversa celestial e como podemos seguir tamb\u00e9m o seu itiner\u00e1rio terrestre&#8221;.<\/p>\n<p><strong>Beato Nunzio Sulprizio&nbsp;<\/strong><\/p>\n<p>Nunzio nasceu em 13 de abril de 1817, em Pescosansonesco, na Prov\u00edncia de Pescara, na It\u00e1lia.<br \/>\n\u00d3rf\u00e3o de pai e m\u00e3e, passou a ser criado e educado por sua av\u00f3 materna, que logo veio tamb\u00e9m a falecer.<\/p>\n<p>O Beato tinha apenas nove anos quando foi recebido como aprendiz na oficina de seu tio Domenico Luciani, que era ferreiro e marceneiro.<\/p>\n<p>O menino teve que sujeitar-se a um trabalho dif\u00edcil, pesado e acima de suas for\u00e7as.<\/p>\n<p>N\u00e3o demorou muito para o jovem adoecer.&nbsp;<br \/>\nEle passou a apresentar um problema de sa\u00fade com a t\u00edbia esquerda e teve que ser hospitalizado em L&#8217;Aquila, onde teve que ter um convalescimento que demorou tr\u00eas longos meses.<\/p>\n<p>Viveu ainda com seu tio Domenico na oficina por mais seis anos.<\/p>\n<p>Em seguida, em 1832, mudou-se para N\u00e1poles, a pedido de um outro tio, Francesco Sulprizio.<br \/>\nEm N\u00e1poles, conheceu um militar, o Coronel Felice Wochinger, que se interessou por ele e passou a trata-lo como filho, protegendo e procurando favorecer-lhe a sa\u00fade.<\/p>\n<p>Ele foi assistido inicialmente no hospital dos incur\u00e1veis e mais tarde no Marchio Angioino, transformado em quartel.<\/p>\n<p>No entanto, a doen\u00e7a avan\u00e7ava implacavelmente, e os m\u00e9dicos pensavam em amputar sua perna. Um procedimento que os m\u00e9dicos desistiram de realizar devido \u00e0 extrema fraqueza do jovem, que morreu em 5 de maio de 1836, aos 19 anos.<\/p>\n<p>Apesar de todas as desventuras e sofrimentos, Nunzio era met\u00f3dico em tudo. Ele estabeleceu uma regra de vida \u00e0 qual observava fielmente, tentando evitar at\u00e9 mesmo os menores defeitos, empenhando-se no trabalho, mesmo com o sofrimento que isso lhe custava.<\/p>\n<p>Le\u00e3o XIII, ao emitir o decreto sobre a heroicidade das virtudes, o prop\u00f4s como modelo da juventude oper\u00e1ria.&nbsp;<\/p>\n<p>&nbsp;(Com&nbsp; informa\u00e7\u00f5es &#8220;Fam\u00edlia Crist\u00e3&#8221; e Gaudium Press)<\/p>\n","protected":false},"excerpt":{"rendered":"<p>O Papa Francisco presidir\u00e1 na quinta-feira, 19 de julho pr\u00f3ximo, \u00e0s 10 horas, no Sal\u00e3o do Consist\u00f3rio do Pal\u00e1cio Apost\u00f3lico no Vaticano, a celebra\u00e7\u00e3o da Hora Terceira e o Consist\u00f3rio Ordin\u00e1rio P\u00fablico, para a Canoniza\u00e7\u00e3o do leigo Beato Nunzio Sulprizio. Nunzio Sulprizio foi beatificado pelo Papa Jo\u00e3o XXIII, em 7 de mar\u00e7o de 1963, quando&nbsp;<\/p>\n<p><a class=\"btn btn-style\" href=\"http:\/\/portalcatolico.net\/portal\/consistorio-para-a-canonizacao-do-beato-nunzio-sulprizio-leigo\/\">Continue Reading<\/a><\/p>\n","protected":false},"author":2,"featured_media":57199,"comment_status":"open","ping_status":"open","sticky":false,"template":"","format":"standard","meta":{"footnotes":""},"categories":[5],"tags":[],"class_list":["post-57198","post","type-post","status-publish","format-standard","has-post-thumbnail","hentry","category-igreja_no_mundo"],"_links":{"self":[{"href":"http:\/\/portalcatolico.net\/portal\/wp-json\/wp\/v2\/posts\/57198","targetHints":{"allow":["GET"]}}],"collection":[{"href":"http:\/\/portalcatolico.net\/portal\/wp-json\/wp\/v2\/posts"}],"about":[{"href":"http:\/\/portalcatolico.net\/portal\/wp-json\/wp\/v2\/types\/post"}],"author":[{"embeddable":true,"href":"http:\/\/portalcatolico.net\/portal\/wp-json\/wp\/v2\/users\/2"}],"replies":[{"embeddable":true,"href":"http:\/\/portalcatolico.net\/portal\/wp-json\/wp\/v2\/comments?post=57198"}],"version-history":[{"count":1,"href":"http:\/\/portalcatolico.net\/portal\/wp-json\/wp\/v2\/posts\/57198\/revisions"}],"predecessor-version":[{"id":57200,"href":"http:\/\/portalcatolico.net\/portal\/wp-json\/wp\/v2\/posts\/57198\/revisions\/57200"}],"wp:featuredmedia":[{"embeddable":true,"href":"http:\/\/portalcatolico.net\/portal\/wp-json\/wp\/v2\/media\/57199"}],"wp:attachment":[{"href":"http:\/\/portalcatolico.net\/portal\/wp-json\/wp\/v2\/media?parent=57198"}],"wp:term":[{"taxonomy":"category","embeddable":true,"href":"http:\/\/portalcatolico.net\/portal\/wp-json\/wp\/v2\/categories?post=57198"},{"taxonomy":"post_tag","embeddable":true,"href":"http:\/\/portalcatolico.net\/portal\/wp-json\/wp\/v2\/tags?post=57198"}],"curies":[{"name":"wp","href":"https:\/\/api.w.org\/{rel}","templated":true}]}}