{"id":57195,"date":"2018-07-05T20:05:47","date_gmt":"2018-07-05T23:05:47","guid":{"rendered":"http:\/\/portalcatolico.net\/portal\/?p=57195"},"modified":"2018-07-05T20:05:47","modified_gmt":"2018-07-05T23:05:47","slug":"ecos-da-alegria","status":"publish","type":"post","link":"http:\/\/portalcatolico.net\/portal\/ecos-da-alegria\/","title":{"rendered":"Ecos da alegria"},"content":{"rendered":"<p>O cora\u00e7\u00e3o humano foi feito para a alegria, que gera for\u00e7a, fecunda a criatividade e \u00e9 fonte perene de humaniza\u00e7\u00e3o. H\u00e1, pois, uma permanente e leg\u00edtima busca pela felicidade. Mas, no contexto atual, muitas pessoas, valendo-se da liberdade e da autonomia, tomam rumos que levam \u00e0s satisfa\u00e7\u00f5es ef\u00eameras, distanciando-se da verdadeira alegria, que \u00e9 permanente. Corre-se, assim, o risco de apegar-se ao que \u00e9 ef\u00eamero, por falta de capacidade para discernir bem. Um drama existencial que conduz muitos a experimentarem sensa\u00e7\u00f5es agrad\u00e1veis, mas que s\u00e3o fugazes, alcan\u00e7adas a partir de futilidades e da indiferen\u00e7a em rela\u00e7\u00e3o \u00e0s outras pessoas. Essa atitude ego\u00edsta configura um ciclo perverso, viciante, em que \u00e9 alimentada a necessidade de experimentar, a qualquer pre\u00e7o, alegrias ef\u00eameras para ocupar um vazio na interioridade, nunca plenamente preenchido.<\/p>\n<p>Esse fen\u00f4meno existencial incide na vida de muitas pessoas, influenciando fortemente as din\u00e2micas sociais. Cria-se, assim, um campo f\u00e9rtil para manipula\u00e7\u00f5es, descompromisso com a solidariedade, disputa predat\u00f3ria, esquemas de corrup\u00e7\u00e3o. Na raiz desses problemas est\u00e1 a equivocada convic\u00e7\u00e3o de que o poder e as posses s\u00e3o garantias de felicidade duradoura. Uma cren\u00e7a muito comum, que mostra bem como a cultura de um povo \u00e9 determinante para a sociedade tornar-se capaz, ou n\u00e3o, de conquistar a verdadeira alegria. Certamente \u00e9 bem mais feliz um povo que consegue perceber a alegria como algo diferente de certas sensa\u00e7\u00f5es &#8211; euforias e sentimentos passageiros, conquistados a partir de atitudes que muitas vezes desrespeitam os par\u00e2metros da \u00e9tica. Uma sociedade com essa capacidade de discernimento alcan\u00e7a equil\u00edbrio em diferentes campos, a exemplo da pol\u00edtica e da economia, pois as alegrias duradouras se propagam, geram ecos.<\/p>\n<p>J\u00e1 a satisfa\u00e7\u00e3o ef\u00eamera n\u00e3o sacia o cora\u00e7\u00e3o humano de sua sede de sentido. &nbsp;Cada alegria passageira, quando se esvai, deixa uma lacuna interior que contribui para desajustar a vida humana, impactando negativamente os humores e as raz\u00f5es. Esse vazio existencial evidencia algo urgente: \u00e9 preciso aprender a buscar a felicidade duradoura, dedicar-se a um processo de aprendizagem para conquistar, progressivamente, envergadura humana e espiritual. Assim ser\u00e1 poss\u00edvel reconhecer, por exemplo, que a vit\u00f3ria em uma partida de futebol n\u00e3o \u00e9 alegria duradoura, e a derrota tamb\u00e9m n\u00e3o \u00e9 \u201co fim do mundo\u201d, porque existem coisas mais determinantes e raz\u00f5es maiores que definem o futuro de uma pessoa ou do pr\u00f3prio povo. &nbsp;<\/p>\n<p>A exist\u00eancia humana \u00e9 uma constru\u00e7\u00e3o. Tem seus altos e baixos, as sombras e as luzes, mas deve ser sempre uma busca pelo que confere sentido e sustenta a vida: as alegrias verdadeiras que geram ecos, desdobrando-se em diferentes tempos e lugares. Na procura pela aut\u00eantica felicidade, vale recordar uma li\u00e7\u00e3o de S\u00e3o Francisco de Assis.&nbsp; Certo dia, em di\u00e1logo com Frei Le\u00e3o, S\u00e3o Francisco explicou que a verdadeira alegria n\u00e3o reside em certos acontecimentos, aparentemente grandiosos, mas na qualidade de cultivar a paci\u00eancia e de n\u00e3o se perturbar diante das adversidades da vida. A aut\u00eantica alegria, que produz ecos, desdobramentos, n\u00e3o nasce de est\u00edmulos meramente externos, da posse de certos bens. \u00c9 fruto da interioridade, da capacidade de enxergar, com clareza, uma hierarquia de virtudes e a\u00e7\u00f5es.<\/p>\n<p>Para se conquistar essa clarivid\u00eancia e experimentar a verdadeira felicidade, h\u00e1 uma fonte referencial que \u00e9 imprescind\u00edvel: o Evangelho de Jesus Cristo, que aponta caminhos e recomenda pr\u00e1ticas capazes de fazer com que cada pessoa seja fonte de alegria duradoura. A Palavra de Deus tem for\u00e7a para corrigir os descompassos da sociedade contempor\u00e2nea, em que muitos, alucinadamente, buscam alegrias ef\u00eameras, exatamente por falta de envergadura interior. E um itiner\u00e1rio educativo que contribui para levar os ensinamentos do Evangelho \u00e0 vida cotidiana est\u00e1 delineado na Exorta\u00e7\u00e3o Apost\u00f3lica Alegria do Evangelho, do Papa Francisco.<\/p>\n<p>Dentre as muitas indica\u00e7\u00f5es da Exorta\u00e7\u00e3o Apost\u00f3lica est\u00e3o a busca pela supera\u00e7\u00e3o de um modelo econ\u00f4mico que gera exclus\u00e3o, o combate \u00e0 idolatria do dinheiro &#8211; que nega a primazia do ser humano &#8211; e o reconhecimento de que o trabalho \u00e9 fundamental para a realiza\u00e7\u00e3o da pessoa.&nbsp; Particularmente, o Papa Francisco alerta que \u00e9 preciso vencer a desigualdade social que alimenta a viol\u00eancia. Afinal, a mis\u00e9ria de muitos \u00e9 sinal de que tantos outros procuram, de modo equivocado, a alegria, acumulando quase tudo para si, o que faz crescer uma grande massa de exclu\u00eddos. Eis, pois, um desafio existencial a ser assumido por todos, com desdobramentos na vida social: \u00e0 luz do Evangelho, reconhecer o primado da \u00e9tica na busca pela verdadeira felicidade &#8211; a alegria duradoura, que gera ecos.<\/p>\n<p>Foto:Divulga\u00e7\u00e3o<\/p>\n<p><strong>&nbsp;<\/strong><strong>Dom Walmor Oliveira de Azevedo<\/strong><\/p>\n<p><strong>Arcebispo metropolitano de Belo Horizonte<\/strong><\/p>\n","protected":false},"excerpt":{"rendered":"<p>O cora\u00e7\u00e3o humano foi feito para a alegria, que gera for\u00e7a, fecunda a criatividade e \u00e9 fonte perene de humaniza\u00e7\u00e3o. H\u00e1, pois, uma permanente e leg\u00edtima busca pela felicidade. Mas, no contexto atual, muitas pessoas, valendo-se da liberdade e da autonomia, tomam rumos que levam \u00e0s satisfa\u00e7\u00f5es ef\u00eameras, distanciando-se da verdadeira alegria, que \u00e9 permanente.&nbsp;<\/p>\n<p><a class=\"btn btn-style\" href=\"http:\/\/portalcatolico.net\/portal\/ecos-da-alegria\/\">Continue Reading<\/a><\/p>\n","protected":false},"author":2,"featured_media":57196,"comment_status":"open","ping_status":"open","sticky":false,"template":"","format":"standard","meta":{"footnotes":""},"categories":[69],"tags":[],"class_list":["post-57195","post","type-post","status-publish","format-standard","has-post-thumbnail","hentry","category-artigos"],"_links":{"self":[{"href":"http:\/\/portalcatolico.net\/portal\/wp-json\/wp\/v2\/posts\/57195","targetHints":{"allow":["GET"]}}],"collection":[{"href":"http:\/\/portalcatolico.net\/portal\/wp-json\/wp\/v2\/posts"}],"about":[{"href":"http:\/\/portalcatolico.net\/portal\/wp-json\/wp\/v2\/types\/post"}],"author":[{"embeddable":true,"href":"http:\/\/portalcatolico.net\/portal\/wp-json\/wp\/v2\/users\/2"}],"replies":[{"embeddable":true,"href":"http:\/\/portalcatolico.net\/portal\/wp-json\/wp\/v2\/comments?post=57195"}],"version-history":[{"count":1,"href":"http:\/\/portalcatolico.net\/portal\/wp-json\/wp\/v2\/posts\/57195\/revisions"}],"predecessor-version":[{"id":57197,"href":"http:\/\/portalcatolico.net\/portal\/wp-json\/wp\/v2\/posts\/57195\/revisions\/57197"}],"wp:featuredmedia":[{"embeddable":true,"href":"http:\/\/portalcatolico.net\/portal\/wp-json\/wp\/v2\/media\/57196"}],"wp:attachment":[{"href":"http:\/\/portalcatolico.net\/portal\/wp-json\/wp\/v2\/media?parent=57195"}],"wp:term":[{"taxonomy":"category","embeddable":true,"href":"http:\/\/portalcatolico.net\/portal\/wp-json\/wp\/v2\/categories?post=57195"},{"taxonomy":"post_tag","embeddable":true,"href":"http:\/\/portalcatolico.net\/portal\/wp-json\/wp\/v2\/tags?post=57195"}],"curies":[{"name":"wp","href":"https:\/\/api.w.org\/{rel}","templated":true}]}}