{"id":57191,"date":"2018-07-04T19:48:57","date_gmt":"2018-07-04T22:48:57","guid":{"rendered":"http:\/\/portalcatolico.net\/portal\/?p=57191"},"modified":"2018-07-05T19:50:02","modified_gmt":"2018-07-05T22:50:02","slug":"bispo-da-diocese-de-ilheus-celebra-aniversario","status":"publish","type":"post","link":"http:\/\/portalcatolico.net\/portal\/bispo-da-diocese-de-ilheus-celebra-aniversario\/","title":{"rendered":"Bispo da Diocese de Ilh\u00e9us celebra anivers\u00e1rio!"},"content":{"rendered":"<p style=\"font-weight: 400;\">Dom Mauro Montagnoli, atual bispo da Diocese&nbsp; de Ilh\u00e9us,&nbsp;&nbsp;nasceu na cidade de Ouro Fino, em 4 de julho de&nbsp;1945.<\/p>\n<p style=\"font-weight: 400;\">Ele fez a profiss\u00e3o religiosa no&nbsp;dia 9 de dezembro de 1964 e foi ordenado sacerdote no dia 24 de janeiro&nbsp;de 1971, e foi nomeado bispo por Jo\u00e3o Paulo II no dia 20 de dezembro de&nbsp;1995.<\/p>\n<p style=\"font-weight: 400;\">Dom Mauro recebeu a ordena\u00e7\u00e3o episcopal no dia 24 de fevereiro de 1996 em&nbsp;Ouro Fino, e no dia 10 de mar\u00e7o do mesmo ano, tomou posse como bispo da Diocese&nbsp;de Ilh\u00e9us.<\/p>\n<p style=\"font-weight: 400;\">A equipe deste Portal d\u00e1 Gra\u00e7as a Deus pelo anivers\u00e1rio natal\u00edcio de&nbsp;Dom Mauro.<\/p>\n","protected":false},"excerpt":{"rendered":"<p>Dom Mauro Montagnoli, atual bispo da Diocese&nbsp; de Ilh\u00e9us,&nbsp;&nbsp;nasceu na cidade de Ouro Fino, em 4 de julho de&nbsp;1945. Ele fez a profiss\u00e3o religiosa no&nbsp;dia 9 de dezembro de 1964 e foi ordenado sacerdote no dia 24 de janeiro&nbsp;de 1971, e foi nomeado bispo por Jo\u00e3o Paulo II no dia 20 de dezembro de&nbsp;1995. Dom&nbsp;<\/p>\n<p><a class=\"btn btn-style\" href=\"http:\/\/portalcatolico.net\/portal\/bispo-da-diocese-de-ilheus-celebra-aniversario\/\">Continue Reading<\/a><\/p>\n","protected":false},"author":2,"featured_media":57192,"comment_status":"open","ping_status":"open","sticky":false,"template":"","format":"standard","meta":{"footnotes":""},"categories":[4],"tags":[],"class_list":["post-57191","post","type-post","status-publish","format-standard","has-post-thumbnail","hentry","category-destaques"],"_links":{"self":[{"href":"http:\/\/portalcatolico.net\/portal\/wp-json\/wp\/v2\/posts\/57191","targetHints":{"allow":["GET"]}}],"collection":[{"href":"http:\/\/portalcatolico.net\/portal\/wp-json\/wp\/v2\/posts"}],"about":[{"href":"http:\/\/portalcatolico.net\/portal\/wp-json\/wp\/v2\/types\/post"}],"author":[{"embeddable":true,"href":"http:\/\/portalcatolico.net\/portal\/wp-json\/wp\/v2\/users\/2"}],"replies":[{"embeddable":true,"href":"http:\/\/portalcatolico.net\/portal\/wp-json\/wp\/v2\/comments?post=57191"}],"version-history":[{"count":2,"href":"http:\/\/portalcatolico.net\/portal\/wp-json\/wp\/v2\/posts\/57191\/revisions"}],"predecessor-version":[{"id":57194,"href":"http:\/\/portalcatolico.net\/portal\/wp-json\/wp\/v2\/posts\/57191\/revisions\/57194"}],"wp:featuredmedia":[{"embeddable":true,"href":"http:\/\/portalcatolico.net\/portal\/wp-json\/wp\/v2\/media\/57192"}],"wp:attachment":[{"href":"http:\/\/portalcatolico.net\/portal\/wp-json\/wp\/v2\/media?parent=57191"}],"wp:term":[{"taxonomy":"category","embeddable":true,"href":"http:\/\/portalcatolico.net\/portal\/wp-json\/wp\/v2\/categories?post=57191"},{"taxonomy":"post_tag","embeddable":true,"href":"http:\/\/portalcatolico.net\/portal\/wp-json\/wp\/v2\/tags?post=57191"}],"curies":[{"name":"wp","href":"https:\/\/api.w.org\/{rel}","templated":true}]}}