{"id":57186,"date":"2018-08-14T06:20:46","date_gmt":"2018-08-14T09:20:46","guid":{"rendered":"http:\/\/portalcatolico.net\/portal\/?p=57186"},"modified":"2018-08-14T06:27:04","modified_gmt":"2018-08-14T09:27:04","slug":"setima-edicao-do-phn-acontecera-em-setembro-em-itabuna","status":"publish","type":"post","link":"http:\/\/portalcatolico.net\/portal\/setima-edicao-do-phn-acontecera-em-setembro-em-itabuna\/","title":{"rendered":"S\u00e9tima edi\u00e7\u00e3o do PHN acontecer\u00e1 em setembro em Itabuna"},"content":{"rendered":"<p style=\"font-weight: 400;\">Com grande alegria, o grupo de ora\u00e7\u00e3o da Par\u00f3quia Santa Rita de C\u00e1ssia&nbsp;da Diocese e cidade de Itabuna, no sul da Bahia, convida voc\u00ea e sua&nbsp;fam\u00edlia para participar de mais uma edi\u00e7\u00e3o, sendo 7\u00ba ano, do Acampamento&nbsp;de ora\u00e7\u00e3o (PHN -Por hoje n\u00e3o vou mais pecar).<\/p>\n<p style=\"font-weight: 400;\">&nbsp;O evento est\u00e1 sendo&nbsp;organizado pelo grupo de ora\u00e7\u00e3o da Renova\u00e7\u00e3o Carism\u00e1tica Cat\u00f3lica&nbsp;<br \/>\nda par\u00f3quia de Santa Rita e ser\u00e1 realizado nos dias 01 e 02 de&nbsp;setembro de 2018, no Col\u00e9gio CAIC, situado no bairro Jardim Primavera,&nbsp;na cidade de Itabuna.<br \/>\nO PHN ter\u00e1 como tema: &#8220;Eis que estou a porta e bato&#8221; e ser\u00e1&nbsp;composto de ora\u00e7\u00e3o, prega\u00e7\u00f5es, louvor, confiss\u00f5es, testemunhos, santa&nbsp;missa, show, entre outros momentos importantes para a evangeliza\u00e7\u00e3o.<br \/>\nPrepare a sua caravana!<br \/>\nEm breve, voc\u00ea confere aqui, toda a programa\u00e7\u00e3o deste evento.&nbsp;<br \/>\nAguarde!<\/p>\n<p>Texto:Portal Cat\u00f3lico.Net<\/p>\n","protected":false},"excerpt":{"rendered":"<p>Com grande alegria, o grupo de ora\u00e7\u00e3o da Par\u00f3quia Santa Rita de C\u00e1ssia&nbsp;da Diocese e cidade de Itabuna, no sul da Bahia, convida voc\u00ea e sua&nbsp;fam\u00edlia para participar de mais uma edi\u00e7\u00e3o, sendo 7\u00ba ano, do Acampamento&nbsp;de ora\u00e7\u00e3o (PHN -Por hoje n\u00e3o vou mais pecar). &nbsp;O evento est\u00e1 sendo&nbsp;organizado pelo grupo de ora\u00e7\u00e3o da Renova\u00e7\u00e3o&nbsp;<\/p>\n<p><a class=\"btn btn-style\" href=\"http:\/\/portalcatolico.net\/portal\/setima-edicao-do-phn-acontecera-em-setembro-em-itabuna\/\">Continue Reading<\/a><\/p>\n","protected":false},"author":2,"featured_media":57671,"comment_status":"open","ping_status":"open","sticky":false,"template":"","format":"standard","meta":{"footnotes":""},"categories":[1],"tags":[],"class_list":["post-57186","post","type-post","status-publish","format-standard","has-post-thumbnail","hentry","category-agenda"],"_links":{"self":[{"href":"http:\/\/portalcatolico.net\/portal\/wp-json\/wp\/v2\/posts\/57186","targetHints":{"allow":["GET"]}}],"collection":[{"href":"http:\/\/portalcatolico.net\/portal\/wp-json\/wp\/v2\/posts"}],"about":[{"href":"http:\/\/portalcatolico.net\/portal\/wp-json\/wp\/v2\/types\/post"}],"author":[{"embeddable":true,"href":"http:\/\/portalcatolico.net\/portal\/wp-json\/wp\/v2\/users\/2"}],"replies":[{"embeddable":true,"href":"http:\/\/portalcatolico.net\/portal\/wp-json\/wp\/v2\/comments?post=57186"}],"version-history":[{"count":2,"href":"http:\/\/portalcatolico.net\/portal\/wp-json\/wp\/v2\/posts\/57186\/revisions"}],"predecessor-version":[{"id":57672,"href":"http:\/\/portalcatolico.net\/portal\/wp-json\/wp\/v2\/posts\/57186\/revisions\/57672"}],"wp:featuredmedia":[{"embeddable":true,"href":"http:\/\/portalcatolico.net\/portal\/wp-json\/wp\/v2\/media\/57671"}],"wp:attachment":[{"href":"http:\/\/portalcatolico.net\/portal\/wp-json\/wp\/v2\/media?parent=57186"}],"wp:term":[{"taxonomy":"category","embeddable":true,"href":"http:\/\/portalcatolico.net\/portal\/wp-json\/wp\/v2\/categories?post=57186"},{"taxonomy":"post_tag","embeddable":true,"href":"http:\/\/portalcatolico.net\/portal\/wp-json\/wp\/v2\/tags?post=57186"}],"curies":[{"name":"wp","href":"https:\/\/api.w.org\/{rel}","templated":true}]}}