{"id":57183,"date":"2018-07-04T20:22:56","date_gmt":"2018-07-04T23:22:56","guid":{"rendered":"http:\/\/portalcatolico.net\/portal\/?p=57183"},"modified":"2018-07-04T20:22:56","modified_gmt":"2018-07-04T23:22:56","slug":"papa-francisco-presidira-missa-por-migrantes-refugiados-e-aqueles-que-os-ajudam","status":"publish","type":"post","link":"http:\/\/portalcatolico.net\/portal\/papa-francisco-presidira-missa-por-migrantes-refugiados-e-aqueles-que-os-ajudam\/","title":{"rendered":"Papa Francisco presidir\u00e1 Missa por migrantes, refugiados e aqueles que os ajudam"},"content":{"rendered":"<p>O Vaticano comunicou que no dia 6 de julho, \u00e0s 11h (hor\u00e1rio de Roma), o Papa Francisco celebrar\u00e1 uma&nbsp;Missa&nbsp;pelos migrantes no Altar da C\u00e1tedra, na Bas\u00edlica de S\u00e3o Pedro.<\/p>\n<p>A celebra\u00e7\u00e3o coincidir\u00e1 com o quinto anivers\u00e1rio da visita do Papa Francisco \u00e0 ilha de Lampedusa, em 8 de julho de 2013.<\/p>\n<p>O diretor da Sala de Imprensa do Vaticano especificou que \u201cser\u00e1 um momento de ora\u00e7\u00e3o pelos mortos, pelos sobreviventes e por aqueles que os assistem\u201d.<\/p>\n<p>Participar\u00e3o da Missa cerca de 200 pessoas, entre as quais alguns refugiados e pessoas que cuidam deles.<\/p>\n<p>A Europa se encontra, nestes dias, em pleno debate sobre a pol\u00edtica migrat\u00f3ria de toda a Uni\u00e3o europeia, que viu como o fluxo de migrantes aumentou ainda mais nos \u00faltimos dias.<\/p>\n<p>Este fato tamb\u00e9m fez com que a cada semana haja dezenas de mortos nas \u00e1guas do Mediterr\u00e2neo: pessoas que fugiram de seus pa\u00edses em guerra ou atingidos pelo terrorismo e que, a bordo de uma embarca\u00e7\u00e3o, tentam alcan\u00e7ar um destino melhor em pa\u00edses da Europa, principalmente na It\u00e1lia e na Espanha.(ACI Digital)<\/p>\n<p>Papa Francisco presidiu Missa na solenidade de S\u00e3o Pedro e S\u00e3o Paulo. Foto: Daniel Ib\u00e1\u00f1ez \/ ACI Prensa<\/p>\n","protected":false},"excerpt":{"rendered":"<p>O Vaticano comunicou que no dia 6 de julho, \u00e0s 11h (hor\u00e1rio de Roma), o Papa Francisco celebrar\u00e1 uma&nbsp;Missa&nbsp;pelos migrantes no Altar da C\u00e1tedra, na Bas\u00edlica de S\u00e3o Pedro. A celebra\u00e7\u00e3o coincidir\u00e1 com o quinto anivers\u00e1rio da visita do Papa Francisco \u00e0 ilha de Lampedusa, em 8 de julho de 2013. O diretor da Sala&nbsp;<\/p>\n<p><a class=\"btn btn-style\" href=\"http:\/\/portalcatolico.net\/portal\/papa-francisco-presidira-missa-por-migrantes-refugiados-e-aqueles-que-os-ajudam\/\">Continue Reading<\/a><\/p>\n","protected":false},"author":2,"featured_media":57184,"comment_status":"open","ping_status":"open","sticky":false,"template":"","format":"standard","meta":{"footnotes":""},"categories":[5],"tags":[],"class_list":["post-57183","post","type-post","status-publish","format-standard","has-post-thumbnail","hentry","category-igreja_no_mundo"],"_links":{"self":[{"href":"http:\/\/portalcatolico.net\/portal\/wp-json\/wp\/v2\/posts\/57183","targetHints":{"allow":["GET"]}}],"collection":[{"href":"http:\/\/portalcatolico.net\/portal\/wp-json\/wp\/v2\/posts"}],"about":[{"href":"http:\/\/portalcatolico.net\/portal\/wp-json\/wp\/v2\/types\/post"}],"author":[{"embeddable":true,"href":"http:\/\/portalcatolico.net\/portal\/wp-json\/wp\/v2\/users\/2"}],"replies":[{"embeddable":true,"href":"http:\/\/portalcatolico.net\/portal\/wp-json\/wp\/v2\/comments?post=57183"}],"version-history":[{"count":1,"href":"http:\/\/portalcatolico.net\/portal\/wp-json\/wp\/v2\/posts\/57183\/revisions"}],"predecessor-version":[{"id":57185,"href":"http:\/\/portalcatolico.net\/portal\/wp-json\/wp\/v2\/posts\/57183\/revisions\/57185"}],"wp:featuredmedia":[{"embeddable":true,"href":"http:\/\/portalcatolico.net\/portal\/wp-json\/wp\/v2\/media\/57184"}],"wp:attachment":[{"href":"http:\/\/portalcatolico.net\/portal\/wp-json\/wp\/v2\/media?parent=57183"}],"wp:term":[{"taxonomy":"category","embeddable":true,"href":"http:\/\/portalcatolico.net\/portal\/wp-json\/wp\/v2\/categories?post=57183"},{"taxonomy":"post_tag","embeddable":true,"href":"http:\/\/portalcatolico.net\/portal\/wp-json\/wp\/v2\/tags?post=57183"}],"curies":[{"name":"wp","href":"https:\/\/api.w.org\/{rel}","templated":true}]}}