{"id":57177,"date":"2018-07-04T06:42:49","date_gmt":"2018-07-04T09:42:49","guid":{"rendered":"http:\/\/portalcatolico.net\/portal\/?p=57177"},"modified":"2018-07-04T06:46:20","modified_gmt":"2018-07-04T09:46:20","slug":"sao-boaventura-e-celebrado-em-canavieiras-confira-a-programacao","status":"publish","type":"post","link":"http:\/\/portalcatolico.net\/portal\/sao-boaventura-e-celebrado-em-canavieiras-confira-a-programacao\/","title":{"rendered":"S\u00e3o Boaventura \u00e9 celebrado em Canavieiras. Confira a programa\u00e7\u00e3o!"},"content":{"rendered":"<p style=\"font-weight: 400;\">S\u00e3o Boaventura \u00e9 celebrado em Canavieiras. Confira a programa\u00e7\u00e3o!<\/p>\n<p>Desde o dia 01 de Julho, os paroquianos canavieirenses&nbsp; est\u00e3o em clima de&nbsp;festa e devo\u00e7\u00e3o ao padroeiro S\u00e3o Boaventura, e a programa\u00e7\u00e3o seguir\u00e1 at\u00e9 o dia 14 deste m\u00eas, com festejos que fazem parte dos&nbsp;&nbsp;trezentos anos da Igreja matriz de S\u00e3o Boaventura,&nbsp; do munic\u00edpio de&nbsp;Canavieiras (BA).<\/p>\n<p style=\"font-weight: 400;\">As celebra\u00e7\u00f5es das&nbsp;Santas Missas acontecer\u00e3o sempre \u00e0s 19h e ser\u00e3o celebradas pelo Padre Vinicius&nbsp;Mascarenhas (p\u00e1roco da Par\u00f3quia S\u00e3o Boaventura) e por padres convidados. Vale ressaltar que o Bispo da Diocese de&nbsp;Itabuna, Dom Carlos Alberto dos Santos, marcar\u00e1 presen\u00e7a na festa, que este ano tem com tema:&nbsp;&#8220;300 anos de f\u00e9 e evangeliza\u00e7\u00e3o neste ch\u00e3o, construindo&nbsp; o Reino de&nbsp;Deus&#8221;.<\/p>\n<p style=\"font-weight: 400;\">As comemora\u00e7\u00f5es come\u00e7aram&nbsp;&nbsp;no \u00faltimo domingo (01) com uma grande carreata pelas ruas da cidade. E vem muita coisa boa durante os pr\u00f3ximos dias, shows que ir\u00e3o animar o p\u00fablico. No dia 7, tem apresenta\u00e7\u00e3o da&nbsp;&nbsp;Banda Vida Reluz, no dia13 tem show de Adriana Arydes e no dia 14 tem a Banda Colo de Deus.<\/p>\n<p style=\"font-weight: 400;\">No dia festivo, 14 de julho, data em que se comemora o Dia de S\u00e3o&nbsp;Boaventura, a programa\u00e7\u00e3o ser\u00e1 diferenciada:<\/p>\n<p style=\"font-weight: 400;\">&nbsp;6h-Alvorada festiva com hino de S\u00e3o Boaventura, repicar de sinos e&nbsp;queima de fogos e hasteamento de bandeira.<br \/>\n10h-Solene Celebrada Eucar\u00edstica em Louvor a S\u00e3o Boaventura<br \/>\n16h-Celebra\u00e7\u00e3o Eucar\u00edstica<br \/>\n17h- Prociss\u00e3o&nbsp; com a Imagem do santo pela ruas da cidade, B\u00ean\u00e7\u00e3o do Sant\u00edssimo&nbsp;Sacramento e momento Oracional&nbsp; com a Banda&nbsp;Colo de Deus.<\/p>\n<p style=\"font-weight: 400;\">Participe!<\/p>\n<p><strong>Por: Anara Passos<\/strong><\/p>\n<p>Comunic\u00f3loga- DRT 7574<\/p>\n<p><img loading=\"lazy\" decoding=\"async\" class=\"wp-image-57181 aligncenter\" src=\"http:\/\/portalcatolico.net\/portal\/wp-content\/uploads\/2018\/07\/print-300x268.jpg\" alt=\"\" width=\"713\" height=\"637\" srcset=\"http:\/\/portalcatolico.net\/portal\/wp-content\/uploads\/2018\/07\/print-300x268.jpg 300w, http:\/\/portalcatolico.net\/portal\/wp-content\/uploads\/2018\/07\/print.jpg 679w\" sizes=\"auto, (max-width: 713px) 100vw, 713px\" \/><\/p>\n<p style=\"text-align: center;\"><strong>Confira a programa\u00e7\u00e3o<\/strong><\/p>\n<p><img loading=\"lazy\" decoding=\"async\" class=\"wp-image-57112 aligncenter\" src=\"http:\/\/portalcatolico.net\/portal\/wp-content\/uploads\/2018\/06\/36340010_2668835249923851_7822578391818698752_n-Copia-300x210.jpg\" alt=\"\" width=\"716\" height=\"501\" srcset=\"http:\/\/portalcatolico.net\/portal\/wp-content\/uploads\/2018\/06\/36340010_2668835249923851_7822578391818698752_n-Copia-300x210.jpg 300w, http:\/\/portalcatolico.net\/portal\/wp-content\/uploads\/2018\/06\/36340010_2668835249923851_7822578391818698752_n-Copia-768x538.jpg 768w, http:\/\/portalcatolico.net\/portal\/wp-content\/uploads\/2018\/06\/36340010_2668835249923851_7822578391818698752_n-Copia.jpg 960w\" sizes=\"auto, (max-width: 716px) 100vw, 716px\" \/><\/p>\n","protected":false},"excerpt":{"rendered":"<p>S\u00e3o Boaventura \u00e9 celebrado em Canavieiras. Confira a programa\u00e7\u00e3o! Desde o dia 01 de Julho, os paroquianos canavieirenses&nbsp; est\u00e3o em clima de&nbsp;festa e devo\u00e7\u00e3o ao padroeiro S\u00e3o Boaventura, e a programa\u00e7\u00e3o seguir\u00e1 at\u00e9 o dia 14 deste m\u00eas, com festejos que fazem parte dos&nbsp;&nbsp;trezentos anos da Igreja matriz de S\u00e3o Boaventura,&nbsp; do munic\u00edpio de&nbsp;Canavieiras (BA).&nbsp;<\/p>\n<p><a class=\"btn btn-style\" href=\"http:\/\/portalcatolico.net\/portal\/sao-boaventura-e-celebrado-em-canavieiras-confira-a-programacao\/\">Continue Reading<\/a><\/p>\n","protected":false},"author":2,"featured_media":57178,"comment_status":"open","ping_status":"open","sticky":false,"template":"","format":"standard","meta":{"footnotes":""},"categories":[1],"tags":[],"class_list":["post-57177","post","type-post","status-publish","format-standard","has-post-thumbnail","hentry","category-agenda"],"_links":{"self":[{"href":"http:\/\/portalcatolico.net\/portal\/wp-json\/wp\/v2\/posts\/57177","targetHints":{"allow":["GET"]}}],"collection":[{"href":"http:\/\/portalcatolico.net\/portal\/wp-json\/wp\/v2\/posts"}],"about":[{"href":"http:\/\/portalcatolico.net\/portal\/wp-json\/wp\/v2\/types\/post"}],"author":[{"embeddable":true,"href":"http:\/\/portalcatolico.net\/portal\/wp-json\/wp\/v2\/users\/2"}],"replies":[{"embeddable":true,"href":"http:\/\/portalcatolico.net\/portal\/wp-json\/wp\/v2\/comments?post=57177"}],"version-history":[{"count":3,"href":"http:\/\/portalcatolico.net\/portal\/wp-json\/wp\/v2\/posts\/57177\/revisions"}],"predecessor-version":[{"id":57182,"href":"http:\/\/portalcatolico.net\/portal\/wp-json\/wp\/v2\/posts\/57177\/revisions\/57182"}],"wp:featuredmedia":[{"embeddable":true,"href":"http:\/\/portalcatolico.net\/portal\/wp-json\/wp\/v2\/media\/57178"}],"wp:attachment":[{"href":"http:\/\/portalcatolico.net\/portal\/wp-json\/wp\/v2\/media?parent=57177"}],"wp:term":[{"taxonomy":"category","embeddable":true,"href":"http:\/\/portalcatolico.net\/portal\/wp-json\/wp\/v2\/categories?post=57177"},{"taxonomy":"post_tag","embeddable":true,"href":"http:\/\/portalcatolico.net\/portal\/wp-json\/wp\/v2\/tags?post=57177"}],"curies":[{"name":"wp","href":"https:\/\/api.w.org\/{rel}","templated":true}]}}