{"id":57174,"date":"2018-07-02T22:20:11","date_gmt":"2018-07-03T01:20:11","guid":{"rendered":"http:\/\/portalcatolico.net\/portal\/?p=57174"},"modified":"2018-07-03T19:47:58","modified_gmt":"2018-07-03T22:47:58","slug":"missao-chamado-e-doacao-ordenacao-presbiteral-de-tiago-santos-acontece-em-itabuna","status":"publish","type":"post","link":"http:\/\/portalcatolico.net\/portal\/missao-chamado-e-doacao-ordenacao-presbiteral-de-tiago-santos-acontece-em-itabuna\/","title":{"rendered":"Miss\u00e3o, chamado e doa\u00e7\u00e3o: Ordena\u00e7\u00e3o Presbiteral de Tiago Santos acontece em Itabuna"},"content":{"rendered":"<p style=\"font-weight: 400;\">Com grande alegria, a Congrega\u00e7\u00e3oServos da Caridade, realizou no \u00faltimo&nbsp;&nbsp;s\u00e1bado, dia 30 de julho, a Ordena\u00e7\u00e3o Presbiteral do Di\u00e1cono Tiago Santos&nbsp;da Silva, pela imposi\u00e7\u00e3o das m\u00e3os e ora\u00e7\u00e3o de Dom Protog\u00e9ns Jos\u00e9&nbsp;Luft. SdC, Bispo&nbsp;diocesano de Barra do Gar\u00e7as\/MT, diante da comunidade&nbsp;e de seus familiares.<\/p>\n<p style=\"font-weight: 400;\">A cerim\u00f4nia de Ordena\u00e7\u00e3o do Padre Tiago foi&nbsp;concelebrada por padres e di\u00e1conos das Dioceses de Itabuna, Ilh\u00e9us, e de&nbsp;v\u00e1rios padres de outras dioceses do Brasil.&nbsp;<\/p>\n<p style=\"font-weight: 400;\">A primeira Missa e o&nbsp;primeiro batizado ap\u00f3s a ordena\u00e7\u00e3o, foram realizados neste domingo (01), \u00e0s&nbsp;9h30, na Catedral de S\u00e3o Jos\u00e9.<\/p>\n<p style=\"font-weight: 400;\">O padre Tiago Santos da Silva&nbsp;\u00e9 natural da cidade de Itabuna, da Par\u00f3quia Ant\u00f4nio, do bairro Santo&nbsp;Ant\u00f4nio, e faz parte da Congrega\u00e7\u00e3o dos Irm\u00e3os e Padres dos Servos da&nbsp;Caridade, cujo fundador \u00e9 S\u00e3o Lu\u00eds&nbsp; Guanella.<\/p>\n<p style=\"font-weight: 400;\">O jovem religioso reafirmou sua voca\u00e7\u00e3o e foi&nbsp;ordenado Padre. Em entrevista ao Portal Cat\u00f3lico, o religioso j\u00e1&nbsp;ordenado presb\u00edtero, contou o que o impulsionou para essa decis\u00e3o.&nbsp;Ele ressaltou que a participa\u00e7\u00e3o e o apoio da fam\u00edlia foram de extrema&nbsp;import\u00e2ncia para todo o processo de forma\u00e7\u00e3o. Confira a entrevista:<\/p>\n<p style=\"font-weight: 400;\"><strong>Portal Cat\u00f3lico: Como voc\u00ea conheceu a Congrega\u00e7\u00e3o Servos da Caridade?<\/strong><\/p>\n<p style=\"font-weight: 400;\">Padre Tiago: Foi de uma maneira muito inusitada. Eu era ator de teatro e dan\u00e7arino de street dance, e pelo meu envolvimento nas artes c\u00eanicas, comecei a trabalhar no Buffet de festas para crian\u00e7as , aonde os meus chefes eram do Rio de Janeiro, e vieram morar em Itabuna. Eu comecei a trabalhar para eles e me falaram sobre um padre bastante interessante, e foi nisso que finalmente eu pude conhecer o Servos de Caridade, de uma maneira inusitada.<\/p>\n<p style=\"font-weight: 400;\"><strong>Portal Cat\u00f3lico: O que te chamou aten\u00e7\u00e3o no carisma da Congrega\u00e7\u00e3o?<\/strong><\/p>\n<p style=\"font-weight: 400;\">Padre Tiago: O carisma \u00e9 o revelar que Deus \u00e9 Pai e como Pai ele \u00e9 misericordioso e terno. Revelar a paternidade e ternura de Deus com miseric\u00f3rdia \u00e9 algo que chama muito a aten\u00e7\u00e3o, pois de maneira especial esse amor \u00e9 revelado aos exclu\u00eddos.&nbsp;&nbsp;E os exclu\u00eddos, na \u00e9poca do nosso fundador, S\u00e3o Lu\u00eds Guanella (que ele sentiu necessidade de ajudar) eram as pessoas com deficientes f\u00edsicos ou mentais (os bons filhos, como ele chamava), os idosos, e as crian\u00e7as pobres e \u00f3rf\u00e3s. E isso me chamou muito a aten\u00e7\u00e3o.<\/p>\n<p style=\"font-weight: 400;\"><strong>Portal Cat\u00f3lico: Em que ano entrou para o Semin\u00e1rio?<\/strong><\/p>\n<p style=\"font-weight: 400;\">Padre Tiago: Em 2006, em Canela, no Rio Grande do Sul. L\u00e1, eu fiz meu primeiro ano, fui crismado e depois continuei a forma\u00e7\u00e3o com os Servos da Caridade.<\/p>\n<p style=\"font-weight: 400;\"><strong>Portal Cat\u00f3lico: Sua fam\u00edlia ajudou no processo vocacional?<\/strong><\/p>\n<p style=\"font-weight: 400;\">Padre Tiago: Sem d\u00favida. Fam\u00edlia \u00e9 a base de cada um de n\u00f3s e \u00e9 na fam\u00edlia que \u00e9 onde a gente descobre e discerne a voca\u00e7\u00e3o.<\/p>\n<p style=\"font-weight: 400;\"><strong>Portal Cat\u00f3lico: Na vida mission\u00e1ria, o que mais te chamou aten\u00e7\u00e3o?<\/strong><\/p>\n<p style=\"font-weight: 400;\">Padre Tiago: Eu j\u00e1 andei por v\u00e1rios lugares do Brasil e do mundo e eu sempre gosto das pessoas, porque nelas eu consigo ver o Senhor e ao ver o Senhor, o Reino de Deus se faz presente. Isso me anima muito: levar o Senhor, e encontr\u00e1-lo naqueles que eu o estou levando.<\/p>\n<p style=\"font-weight: 400;\"><strong>Portal Cat\u00f3lico: Quais as suas expectativas como sacerdote?<\/strong><\/p>\n<p style=\"font-weight: 400;\">Padre Tiago: Eu desejo ser um sacerdote de Deus e do povo. Que seja dispon\u00edvel para realizar a miss\u00e3o que pede a Igreja.<\/p>\n<p style=\"font-weight: 400;\"><strong>Portal Cat\u00f3lico: Como ser um pastor atendendo ao chamado do Santo Padre Francisco e indo ao encontro dos irm\u00e3os?<\/strong><\/p>\n<p style=\"font-weight: 400;\">Padre Tiago: Acredito que todo sacerdote sai ao encontro das ovelhas e assim n\u00f3s j\u00e1 estar\u00edamos vivendo a Santidade que Igreja nos pede h\u00e1 muito tempo e agora o Papa Francisco volta a pedir. Na acolhida, na simplicidade, na presen\u00e7a, na palavra, no abra\u00e7o, nos gestos mais simples. Assim, se faz presente o Senhor, para aqueles que est\u00e3o exclu\u00eddos e para aqueles que n\u00e3o t\u00eam ningu\u00e9m.<\/p>\n<p style=\"font-weight: 400;\"><strong>Portal Cat\u00f3lico: J\u00e1 tem uma par\u00f3quia para evangelizar?<\/strong><\/p>\n<p style=\"font-weight: 400;\">Padre Tiago: Como sou de Congrega\u00e7\u00e3o religiosa, eu perten\u00e7o a uma Comunidade. Atualmente em moro em Sagueiro, Pernambuco, continuarei l\u00e1 como promotor vocacional, ajudando os jovens a discernir as suas voca\u00e7\u00f5es, para poder seguir e servir ao Senhor.<\/p>\n<p><a href=\"https:\/\/www.facebook.com\/portalcatolicooficial\/\">GALERIA DE FOTOS CLIQUE AQUI<\/a><\/p>\n<p style=\"font-weight: 400;\">&nbsp;<\/p>\n<p style=\"font-weight: 400;\">&nbsp;<\/p>\n<p style=\"font-weight: 400;\">&nbsp;<\/p>\n","protected":false},"excerpt":{"rendered":"<p>Com grande alegria, a Congrega\u00e7\u00e3oServos da Caridade, realizou no \u00faltimo&nbsp;&nbsp;s\u00e1bado, dia 30 de julho, a Ordena\u00e7\u00e3o Presbiteral do Di\u00e1cono Tiago Santos&nbsp;da Silva, pela imposi\u00e7\u00e3o das m\u00e3os e ora\u00e7\u00e3o de Dom Protog\u00e9ns Jos\u00e9&nbsp;Luft. SdC, Bispo&nbsp;diocesano de Barra do Gar\u00e7as\/MT, diante da comunidade&nbsp;e de seus familiares. A cerim\u00f4nia de Ordena\u00e7\u00e3o do Padre Tiago foi&nbsp;concelebrada por padres e&nbsp;<\/p>\n<p><a class=\"btn btn-style\" href=\"http:\/\/portalcatolico.net\/portal\/missao-chamado-e-doacao-ordenacao-presbiteral-de-tiago-santos-acontece-em-itabuna\/\">Continue Reading<\/a><\/p>\n","protected":false},"author":2,"featured_media":57175,"comment_status":"open","ping_status":"open","sticky":false,"template":"","format":"standard","meta":{"footnotes":""},"categories":[65],"tags":[],"class_list":["post-57174","post","type-post","status-publish","format-standard","has-post-thumbnail","hentry","category-entrevistas"],"_links":{"self":[{"href":"http:\/\/portalcatolico.net\/portal\/wp-json\/wp\/v2\/posts\/57174","targetHints":{"allow":["GET"]}}],"collection":[{"href":"http:\/\/portalcatolico.net\/portal\/wp-json\/wp\/v2\/posts"}],"about":[{"href":"http:\/\/portalcatolico.net\/portal\/wp-json\/wp\/v2\/types\/post"}],"author":[{"embeddable":true,"href":"http:\/\/portalcatolico.net\/portal\/wp-json\/wp\/v2\/users\/2"}],"replies":[{"embeddable":true,"href":"http:\/\/portalcatolico.net\/portal\/wp-json\/wp\/v2\/comments?post=57174"}],"version-history":[{"count":1,"href":"http:\/\/portalcatolico.net\/portal\/wp-json\/wp\/v2\/posts\/57174\/revisions"}],"predecessor-version":[{"id":57176,"href":"http:\/\/portalcatolico.net\/portal\/wp-json\/wp\/v2\/posts\/57174\/revisions\/57176"}],"wp:featuredmedia":[{"embeddable":true,"href":"http:\/\/portalcatolico.net\/portal\/wp-json\/wp\/v2\/media\/57175"}],"wp:attachment":[{"href":"http:\/\/portalcatolico.net\/portal\/wp-json\/wp\/v2\/media?parent=57174"}],"wp:term":[{"taxonomy":"category","embeddable":true,"href":"http:\/\/portalcatolico.net\/portal\/wp-json\/wp\/v2\/categories?post=57174"},{"taxonomy":"post_tag","embeddable":true,"href":"http:\/\/portalcatolico.net\/portal\/wp-json\/wp\/v2\/tags?post=57174"}],"curies":[{"name":"wp","href":"https:\/\/api.w.org\/{rel}","templated":true}]}}