{"id":57170,"date":"2018-07-02T21:31:47","date_gmt":"2018-07-03T00:31:47","guid":{"rendered":"http:\/\/portalcatolico.net\/portal\/?p=57170"},"modified":"2018-07-03T19:32:58","modified_gmt":"2018-07-03T22:32:58","slug":"ministro-regional-da-ofs-de-bahia-e-sergipe-visita-fraternidades-e-dioceses-no-sul-da-bahia","status":"publish","type":"post","link":"http:\/\/portalcatolico.net\/portal\/ministro-regional-da-ofs-de-bahia-e-sergipe-visita-fraternidades-e-dioceses-no-sul-da-bahia\/","title":{"rendered":"Ministro Regional da OFS de Bahia e Sergipe visita Fraternidades e Dioceses no Sul da Bahia"},"content":{"rendered":"<p style=\"font-weight: 400;\">Para o cumprimento do que determina as Constitui\u00e7\u00f5es Gerais da&nbsp;OFS, o Ministro Nacional, Vanderlei Su\u00e9lio e o Assistente Espiritual&nbsp;Nacional, Frei Jos\u00e9 Maria, OFS Cap., participaram do Cap\u00edtulo eletivo do&nbsp;Regional Nordeste B3 (Sergipe e Bahia), nos dias 25,26 e 27 de maio de&nbsp;2018 em Salvador.<\/p>\n<p style=\"font-weight: 400;\">O Ministro Regional da OFS de Bahia e Sergipe, Joseval&nbsp; Ferreira Ramos, realizou uma visita em mais das vinte e nove Fraternidades da OFS dos Regionais da Bahia, neste \u00faltimo s\u00e1bado 30 de julho.<\/p>\n<p style=\"font-weight: 400;\">Segundo a coordenadora de Fraternidade Santa Clara de Assis, o Ministro &#8220;foi escolhido no \u00faltimo cap\u00edtulo que foi em Salvador no dia 27 de maio, pra fazer uma Coordena\u00e7\u00e3o de tr\u00eas anos e dando in\u00edcio a este trabalho, ele veio fazer uma visita fraterna \u00e0 Fraternidade Santa Clara de Assis, e o objetivo desta visita \u00e9 animar a nossa caminhada (da Fraternidade), animar a nossa f\u00e9 e tamb\u00e9m verificar pontos que precisam ser melhorados.<\/p>\n<p style=\"font-weight: 400;\">&#8220;Essa visita \u00e9 de uma import\u00e2ncia muito grande, no sentido de que a Ordem Franciscana Secular, est\u00e1 na Fraternidade local, regional e nacional. E nesse contato da visita fraterna, o irm\u00e3os da fraternidade local fica mais pr\u00f3ximo do que acontece \u00e0 n\u00edvel regional e nacional&#8221;, declarou o Ministro.<\/p>\n<p style=\"font-weight: 400;\">Durante todo&nbsp;o dia, o Ministro se reuniu com o Conselho e com os membros da Fraternidade Santa Clara de Assis, na par\u00f3quia Santa Rita de C\u00e1ssia na Diocese de Itabuna, no sul baiano.&nbsp;Participaram da reuni\u00e3o, as Irm\u00e3s Franciscanas e o Diretor Espiritual da OFS-Ordem&nbsp;Franciscana Secular do Brasil, na diocese de Itabuna, o Pe. Frei&nbsp; Carlos&nbsp;In\u00e1cio, tamb\u00e9m vig\u00e1rio paroquial na par\u00f3quia de Santa Rita. &nbsp;O religioso foi quem presidiu a santa missa das 16h de&nbsp;encerramento.&nbsp;<\/p>\n<p style=\"font-weight: 400;\">&nbsp;<\/p>\n","protected":false},"excerpt":{"rendered":"<p>Para o cumprimento do que determina as Constitui\u00e7\u00f5es Gerais da&nbsp;OFS, o Ministro Nacional, Vanderlei Su\u00e9lio e o Assistente Espiritual&nbsp;Nacional, Frei Jos\u00e9 Maria, OFS Cap., participaram do Cap\u00edtulo eletivo do&nbsp;Regional Nordeste B3 (Sergipe e Bahia), nos dias 25,26 e 27 de maio de&nbsp;2018 em Salvador. O Ministro Regional da OFS de Bahia e Sergipe, Joseval&nbsp; Ferreira&nbsp;<\/p>\n<p><a class=\"btn btn-style\" href=\"http:\/\/portalcatolico.net\/portal\/ministro-regional-da-ofs-de-bahia-e-sergipe-visita-fraternidades-e-dioceses-no-sul-da-bahia\/\">Continue Reading<\/a><\/p>\n","protected":false},"author":2,"featured_media":57171,"comment_status":"open","ping_status":"open","sticky":false,"template":"","format":"standard","meta":{"footnotes":""},"categories":[65],"tags":[],"class_list":["post-57170","post","type-post","status-publish","format-standard","has-post-thumbnail","hentry","category-entrevistas"],"_links":{"self":[{"href":"http:\/\/portalcatolico.net\/portal\/wp-json\/wp\/v2\/posts\/57170","targetHints":{"allow":["GET"]}}],"collection":[{"href":"http:\/\/portalcatolico.net\/portal\/wp-json\/wp\/v2\/posts"}],"about":[{"href":"http:\/\/portalcatolico.net\/portal\/wp-json\/wp\/v2\/types\/post"}],"author":[{"embeddable":true,"href":"http:\/\/portalcatolico.net\/portal\/wp-json\/wp\/v2\/users\/2"}],"replies":[{"embeddable":true,"href":"http:\/\/portalcatolico.net\/portal\/wp-json\/wp\/v2\/comments?post=57170"}],"version-history":[{"count":2,"href":"http:\/\/portalcatolico.net\/portal\/wp-json\/wp\/v2\/posts\/57170\/revisions"}],"predecessor-version":[{"id":57173,"href":"http:\/\/portalcatolico.net\/portal\/wp-json\/wp\/v2\/posts\/57170\/revisions\/57173"}],"wp:featuredmedia":[{"embeddable":true,"href":"http:\/\/portalcatolico.net\/portal\/wp-json\/wp\/v2\/media\/57171"}],"wp:attachment":[{"href":"http:\/\/portalcatolico.net\/portal\/wp-json\/wp\/v2\/media?parent=57170"}],"wp:term":[{"taxonomy":"category","embeddable":true,"href":"http:\/\/portalcatolico.net\/portal\/wp-json\/wp\/v2\/categories?post=57170"},{"taxonomy":"post_tag","embeddable":true,"href":"http:\/\/portalcatolico.net\/portal\/wp-json\/wp\/v2\/tags?post=57170"}],"curies":[{"name":"wp","href":"https:\/\/api.w.org\/{rel}","templated":true}]}}