{"id":57166,"date":"2018-07-02T17:44:11","date_gmt":"2018-07-02T20:44:11","guid":{"rendered":"http:\/\/portalcatolico.net\/portal\/?p=57166"},"modified":"2018-07-02T17:45:12","modified_gmt":"2018-07-02T20:45:12","slug":"canavieiras-carreta-da-fe-marca-a-abertura-da-festa-do-padroeiro","status":"publish","type":"post","link":"http:\/\/portalcatolico.net\/portal\/canavieiras-carreta-da-fe-marca-a-abertura-da-festa-do-padroeiro\/","title":{"rendered":"Canavieiras: Carreta da f\u00e9 marca a abertura da festa do padroeiro"},"content":{"rendered":"<p><img loading=\"lazy\" decoding=\"async\" class=\"wp-image-57168 aligncenter\" src=\"http:\/\/portalcatolico.net\/portal\/wp-content\/uploads\/2018\/07\/5b3a6805c9095-300x225.jpg\" alt=\"\" width=\"727\" height=\"545\" srcset=\"http:\/\/portalcatolico.net\/portal\/wp-content\/uploads\/2018\/07\/5b3a6805c9095-300x225.jpg 300w, http:\/\/portalcatolico.net\/portal\/wp-content\/uploads\/2018\/07\/5b3a6805c9095-768x576.jpg 768w, http:\/\/portalcatolico.net\/portal\/wp-content\/uploads\/2018\/07\/5b3a6805c9095.jpg 960w\" sizes=\"auto, (max-width: 727px) 100vw, 727px\" \/>Foi com uma bonita carreata que se iniciou na noite deste domingo (1) os festejos em louvor a S\u00e3o Boaventura, com concentra\u00e7\u00e3o na entrada da cidade, centenas de fi\u00e9is em carros e motos seguidos por mini trio lotaram as principais avenidas da cidade: Avenida Osm\u00e1rio Batista e Av. Ot\u00e1vio Mangabeira cantando hinos em louvor ao padroeiro com o objetivo de despertar a comunidade para a tradicional festa do padroeiro. A festa come\u00e7ou com o tema: &#8221; 300 anos de f\u00e9 e evangeliza\u00e7\u00e3o neste ch\u00e3o, construindo o reino de Deus&#8221; e ap\u00f3s a ben\u00e7\u00e3o dos ve\u00edculos que participaram da carreata, a Santa Missa foi celebrada por nosso Padre Vin\u00edcius Mascarenhas e foi dedicada a motoristas, motociclistas e ciclistas.<\/p>\n<p><strong>A programa\u00e7\u00e3o segue at\u00e9 o dia 14 de julho.<\/strong><\/p>\n<p><strong>Confira a programa\u00e7\u00e3o para esta semana:<\/strong><\/p>\n<p><strong>Segunda-feira(2)<\/strong><\/p>\n<p>19:00h Santa Missa<\/p>\n<p>Noiteiros: Noite dos homens<\/p>\n<p>Dedicado: Os boaventuras<\/p>\n<p>Tema: &#8221; A miss\u00e3o dos leigos \u00e9 seguir Jesus, anunciando ao mundo que Ele \u00e9 o filho de Deus&#8221;<\/p>\n<p><strong>Ter\u00e7a-feira(3)<\/strong><\/p>\n<p>19:00h Santa Missa<\/p>\n<p>Noiteiros: Noite das Senhoras<\/p>\n<p>Dedicado: Apostolado da Ora\u00e7\u00e3o<\/p>\n<p>Tema: &#8221; Como leigos, serviremos a Igreja de Cristo com f\u00e9 e compromisso&#8221;<\/p>\n<p><strong>Quarta-feira(4)<\/strong><\/p>\n<p>19:00hs Santa Missa<\/p>\n<p>Noiteiros: Profissionais da Sa\u00fade<\/p>\n<p>Dedicada: Vicentinos<\/p>\n<p>Tema: &#8220;Como crist\u00e3os batizados, somos convocados a sair em miss\u00e3o evangelizando a todos os povos&#8221;<\/p>\n<p><strong>Quinta-feira(5)<\/strong><\/p>\n<p>19:00hs Santa Missa<\/p>\n<p>Noiteiros: Pastoral dos N\u00f4mades<\/p>\n<p>Dedicada: Grupos e Movimentos Marianos<\/p>\n<p>Tema: &#8220;Aut\u00eanticas testemunhas de Cristo queremos viver um lacaito com gratuidade e confian\u00e7a&#8221;<\/p>\n<p><strong>Sexta-feira(6)<\/strong><\/p>\n<p>19:00hs Santa Missa<\/p>\n<p>Noiteiros: Profissionais da Educa\u00e7\u00e3o<\/p>\n<p>Dedicada: Pastoral da Catequese, Crisma, Catecumenato e Pastoral do Batismo.<\/p>\n<p>Tema: &#8220;Os leigos s\u00e3o chamados a dar testemunho de Jesus Cristo, em sua caminhada.&#8221;<\/p>\n<p><strong>S\u00e1bado (7)<\/strong><\/p>\n<p>19:00hs Santa Missa<\/p>\n<p>Noiteiros: Adalberto e Familia<\/p>\n<p>Dedicada: Movimento Escalada<\/p>\n<p>Tema:&#8221; Ser sujeito eclesial \u00e9 permanecer no seguimento de Jesus, testemunhando-o na sociedade&#8221;<\/p>\n<p>Informa\u00e7\u00f5es e fotos:Studio Fm-Por Hevelem Matos<\/p>\n","protected":false},"excerpt":{"rendered":"<p>Foi com uma bonita carreata que se iniciou na noite deste domingo (1) os festejos em louvor a S\u00e3o Boaventura, com concentra\u00e7\u00e3o na entrada da cidade, centenas de fi\u00e9is em carros e motos seguidos por mini trio lotaram as principais avenidas da cidade: Avenida Osm\u00e1rio Batista e Av. Ot\u00e1vio Mangabeira cantando hinos em louvor ao&nbsp;<\/p>\n<p><a class=\"btn btn-style\" href=\"http:\/\/portalcatolico.net\/portal\/canavieiras-carreta-da-fe-marca-a-abertura-da-festa-do-padroeiro\/\">Continue Reading<\/a><\/p>\n","protected":false},"author":2,"featured_media":57167,"comment_status":"open","ping_status":"open","sticky":false,"template":"","format":"standard","meta":{"footnotes":""},"categories":[3],"tags":[],"class_list":["post-57166","post","type-post","status-publish","format-standard","has-post-thumbnail","hentry","category-noticias_regionais"],"_links":{"self":[{"href":"http:\/\/portalcatolico.net\/portal\/wp-json\/wp\/v2\/posts\/57166","targetHints":{"allow":["GET"]}}],"collection":[{"href":"http:\/\/portalcatolico.net\/portal\/wp-json\/wp\/v2\/posts"}],"about":[{"href":"http:\/\/portalcatolico.net\/portal\/wp-json\/wp\/v2\/types\/post"}],"author":[{"embeddable":true,"href":"http:\/\/portalcatolico.net\/portal\/wp-json\/wp\/v2\/users\/2"}],"replies":[{"embeddable":true,"href":"http:\/\/portalcatolico.net\/portal\/wp-json\/wp\/v2\/comments?post=57166"}],"version-history":[{"count":1,"href":"http:\/\/portalcatolico.net\/portal\/wp-json\/wp\/v2\/posts\/57166\/revisions"}],"predecessor-version":[{"id":57169,"href":"http:\/\/portalcatolico.net\/portal\/wp-json\/wp\/v2\/posts\/57166\/revisions\/57169"}],"wp:featuredmedia":[{"embeddable":true,"href":"http:\/\/portalcatolico.net\/portal\/wp-json\/wp\/v2\/media\/57167"}],"wp:attachment":[{"href":"http:\/\/portalcatolico.net\/portal\/wp-json\/wp\/v2\/media?parent=57166"}],"wp:term":[{"taxonomy":"category","embeddable":true,"href":"http:\/\/portalcatolico.net\/portal\/wp-json\/wp\/v2\/categories?post=57166"},{"taxonomy":"post_tag","embeddable":true,"href":"http:\/\/portalcatolico.net\/portal\/wp-json\/wp\/v2\/tags?post=57166"}],"curies":[{"name":"wp","href":"https:\/\/api.w.org\/{rel}","templated":true}]}}