{"id":57161,"date":"2018-08-05T11:53:07","date_gmt":"2018-08-05T14:53:07","guid":{"rendered":"http:\/\/portalcatolico.net\/portal\/?p=57161"},"modified":"2018-08-05T18:22:07","modified_gmt":"2018-08-05T21:22:07","slug":"vem-ai-ii-vigilia-jovem-em-ibicarai","status":"publish","type":"post","link":"http:\/\/portalcatolico.net\/portal\/vem-ai-ii-vigilia-jovem-em-ibicarai\/","title":{"rendered":"Vem a\u00ed II Vig\u00edlia Jovem em Ibicara\u00ed"},"content":{"rendered":"<p style=\"font-weight: 400;\">A Par\u00f3quia Senhor Deus&nbsp;Menino em Ibicara\u00ed (BA), convida os jovens de toda a regi\u00e3o para participarem da II Vig\u00edlia Jovem que acontecer\u00e1 dia 11 de agosto, com o tema: &#8221; Chuvas de b\u00ean\u00e7\u00e3os, derrama do c\u00e9u&#8221;.<\/p>\n<p style=\"font-weight: 400;\">O evento ter\u00e1 in\u00edcio \u00e0s 19:30h e finalizar\u00e1 \u00e0s 6h do dia 12 e ser\u00e1 composto de Louvor,&nbsp;Adora\u00e7\u00e3o ao Jesus Eucar\u00edstico, Testemunhos, Ora\u00e7\u00e3o, Santa Missa e muito&nbsp;mais.<\/p>\n<p style=\"font-weight: 400;\">A concentra\u00e7\u00e3o ser\u00e1 na Pra\u00e7a Henrique Sampaio, no centro da&nbsp;cidade.<\/p>\n<p style=\"font-weight: 400;\">Participe!<\/p>\n","protected":false},"excerpt":{"rendered":"<p>A Par\u00f3quia Senhor Deus&nbsp;Menino em Ibicara\u00ed (BA), convida os jovens de toda a regi\u00e3o para participarem da II Vig\u00edlia Jovem que acontecer\u00e1 dia 11 de agosto, com o tema: &#8221; Chuvas de b\u00ean\u00e7\u00e3os, derrama do c\u00e9u&#8221;. O evento ter\u00e1 in\u00edcio \u00e0s 19:30h e finalizar\u00e1 \u00e0s 6h do dia 12 e ser\u00e1 composto de Louvor,&nbsp;Adora\u00e7\u00e3o ao&nbsp;<\/p>\n<p><a class=\"btn btn-style\" href=\"http:\/\/portalcatolico.net\/portal\/vem-ai-ii-vigilia-jovem-em-ibicarai\/\">Continue Reading<\/a><\/p>\n","protected":false},"author":2,"featured_media":57162,"comment_status":"open","ping_status":"open","sticky":false,"template":"","format":"standard","meta":{"footnotes":""},"categories":[1],"tags":[],"class_list":["post-57161","post","type-post","status-publish","format-standard","has-post-thumbnail","hentry","category-agenda"],"_links":{"self":[{"href":"http:\/\/portalcatolico.net\/portal\/wp-json\/wp\/v2\/posts\/57161","targetHints":{"allow":["GET"]}}],"collection":[{"href":"http:\/\/portalcatolico.net\/portal\/wp-json\/wp\/v2\/posts"}],"about":[{"href":"http:\/\/portalcatolico.net\/portal\/wp-json\/wp\/v2\/types\/post"}],"author":[{"embeddable":true,"href":"http:\/\/portalcatolico.net\/portal\/wp-json\/wp\/v2\/users\/2"}],"replies":[{"embeddable":true,"href":"http:\/\/portalcatolico.net\/portal\/wp-json\/wp\/v2\/comments?post=57161"}],"version-history":[{"count":3,"href":"http:\/\/portalcatolico.net\/portal\/wp-json\/wp\/v2\/posts\/57161\/revisions"}],"predecessor-version":[{"id":57565,"href":"http:\/\/portalcatolico.net\/portal\/wp-json\/wp\/v2\/posts\/57161\/revisions\/57565"}],"wp:featuredmedia":[{"embeddable":true,"href":"http:\/\/portalcatolico.net\/portal\/wp-json\/wp\/v2\/media\/57162"}],"wp:attachment":[{"href":"http:\/\/portalcatolico.net\/portal\/wp-json\/wp\/v2\/media?parent=57161"}],"wp:term":[{"taxonomy":"category","embeddable":true,"href":"http:\/\/portalcatolico.net\/portal\/wp-json\/wp\/v2\/categories?post=57161"},{"taxonomy":"post_tag","embeddable":true,"href":"http:\/\/portalcatolico.net\/portal\/wp-json\/wp\/v2\/tags?post=57161"}],"curies":[{"name":"wp","href":"https:\/\/api.w.org\/{rel}","templated":true}]}}