{"id":57158,"date":"2018-07-01T19:32:24","date_gmt":"2018-07-01T22:32:24","guid":{"rendered":"http:\/\/portalcatolico.net\/portal\/?p=57158"},"modified":"2018-07-01T20:47:39","modified_gmt":"2018-07-01T23:47:39","slug":"seminaristas-foram-ordenados-diaconos-na-diocese-de-amargosa-neste-sabado-30","status":"publish","type":"post","link":"http:\/\/portalcatolico.net\/portal\/seminaristas-foram-ordenados-diaconos-na-diocese-de-amargosa-neste-sabado-30\/","title":{"rendered":"Seminaristas foram ordenados di\u00e1conos na Diocese de Amargosa neste s\u00e1bado, 30"},"content":{"rendered":"<p>Aconteceu na tarde deste s\u00e1bado (30\/06), na Catedral de Amargosa, a ordena\u00e7\u00e3o diaconal dos seminaristas Roberto Moraes dos Santos da Par\u00f3quia da Imaculada Concei\u00e7\u00e3o em Itatim, Natael Costa Santos da Par\u00f3quia S\u00e3o Felipe e S\u00e3o Tiago em S\u00e3o Felipe, e Edson dos Santos Nascimento e R\u00e2nio dos Santos Guerra, ambos da Par\u00f3quia S\u00e3o Jos\u00e9 do Andai\u00e1 em Santo Ant\u00f4nio de Jesus.<\/p>\n<p>Em entrevista ao rep\u00f3rter H\u00e9lio Alves, o bispo diocesano Dom Valdemir Ferreira falou que, com essas ordena\u00e7\u00f5es diaconais, a Diocese de Amargosa recebe um refor\u00e7o maior em vista das transfer\u00eancias de padres que ser\u00e3o realizadas em 2019.<\/p>\n<p>Ainda de acordo com Dom Valdemir, as datas das ordena\u00e7\u00f5es presbiterais j\u00e1 foram predefinidas, Roberto dever\u00e1 ser ordenado padre em Itatim na segunda semana de dezembro, Natael em S\u00e3o Felipe no dia 23 de dezembro, e R\u00e2nio e Edson na Par\u00f3quia S\u00e3o Jos\u00e9 do Andai\u00e1 em Santo Ant\u00f4nio de Jesus no dia 6 de janeiro. Essas datas ser\u00e3o confirmadas no retiro do Clero, na segunda semana de julho.<\/p>\n<p>Fonte: Tribuna do Rec\u00f4ncavo<\/p>\n<p>Fotos: H\u00e9lio Alves\/ Tribuna do Rec\u00f4ncavo<\/p>\n<p><iframe loading=\"lazy\"  id=\"_ytid_98118\"  width=\"480\" height=\"270\"  data-origwidth=\"480\" data-origheight=\"270\" src=\"https:\/\/www.youtube.com\/embed\/aq_MhJ2cahs?enablejsapi=1&#038;autoplay=0&#038;cc_load_policy=0&#038;cc_lang_pref=&#038;iv_load_policy=1&#038;loop=0&#038;rel=1&#038;fs=1&#038;playsinline=0&#038;autohide=2&#038;theme=dark&#038;color=red&#038;controls=1&#038;disablekb=0&#038;\" class=\"__youtube_prefs__  epyt-is-override  no-lazyload\" title=\"YouTube player\"  allow=\"fullscreen; accelerometer; autoplay; clipboard-write; encrypted-media; gyroscope; picture-in-picture; web-share\" referrerpolicy=\"strict-origin-when-cross-origin\" allowfullscreen data-no-lazy=\"1\" data-skipgform_ajax_framebjll=\"\"><\/iframe><\/p>\n","protected":false},"excerpt":{"rendered":"<p>Aconteceu na tarde deste s\u00e1bado (30\/06), na Catedral de Amargosa, a ordena\u00e7\u00e3o diaconal dos seminaristas Roberto Moraes dos Santos da Par\u00f3quia da Imaculada Concei\u00e7\u00e3o em Itatim, Natael Costa Santos da Par\u00f3quia S\u00e3o Felipe e S\u00e3o Tiago em S\u00e3o Felipe, e Edson dos Santos Nascimento e R\u00e2nio dos Santos Guerra, ambos da Par\u00f3quia S\u00e3o Jos\u00e9 do&nbsp;<\/p>\n<p><a class=\"btn btn-style\" href=\"http:\/\/portalcatolico.net\/portal\/seminaristas-foram-ordenados-diaconos-na-diocese-de-amargosa-neste-sabado-30\/\">Continue Reading<\/a><\/p>\n","protected":false},"author":2,"featured_media":57159,"comment_status":"open","ping_status":"open","sticky":false,"template":"","format":"standard","meta":{"footnotes":""},"categories":[3],"tags":[],"class_list":["post-57158","post","type-post","status-publish","format-standard","has-post-thumbnail","hentry","category-noticias_regionais"],"_links":{"self":[{"href":"http:\/\/portalcatolico.net\/portal\/wp-json\/wp\/v2\/posts\/57158","targetHints":{"allow":["GET"]}}],"collection":[{"href":"http:\/\/portalcatolico.net\/portal\/wp-json\/wp\/v2\/posts"}],"about":[{"href":"http:\/\/portalcatolico.net\/portal\/wp-json\/wp\/v2\/types\/post"}],"author":[{"embeddable":true,"href":"http:\/\/portalcatolico.net\/portal\/wp-json\/wp\/v2\/users\/2"}],"replies":[{"embeddable":true,"href":"http:\/\/portalcatolico.net\/portal\/wp-json\/wp\/v2\/comments?post=57158"}],"version-history":[{"count":1,"href":"http:\/\/portalcatolico.net\/portal\/wp-json\/wp\/v2\/posts\/57158\/revisions"}],"predecessor-version":[{"id":57160,"href":"http:\/\/portalcatolico.net\/portal\/wp-json\/wp\/v2\/posts\/57158\/revisions\/57160"}],"wp:featuredmedia":[{"embeddable":true,"href":"http:\/\/portalcatolico.net\/portal\/wp-json\/wp\/v2\/media\/57159"}],"wp:attachment":[{"href":"http:\/\/portalcatolico.net\/portal\/wp-json\/wp\/v2\/media?parent=57158"}],"wp:term":[{"taxonomy":"category","embeddable":true,"href":"http:\/\/portalcatolico.net\/portal\/wp-json\/wp\/v2\/categories?post=57158"},{"taxonomy":"post_tag","embeddable":true,"href":"http:\/\/portalcatolico.net\/portal\/wp-json\/wp\/v2\/tags?post=57158"}],"curies":[{"name":"wp","href":"https:\/\/api.w.org\/{rel}","templated":true}]}}