{"id":57107,"date":"2018-06-28T06:53:08","date_gmt":"2018-06-28T09:53:08","guid":{"rendered":"http:\/\/portalcatolico.net\/portal\/?p=57107"},"modified":"2018-06-28T18:55:02","modified_gmt":"2018-06-28T21:55:02","slug":"em-canavieiras-julho-comeca-com-festa-em-homenagem-ao-padroeiro-da-cidade","status":"publish","type":"post","link":"http:\/\/portalcatolico.net\/portal\/em-canavieiras-julho-comeca-com-festa-em-homenagem-ao-padroeiro-da-cidade\/","title":{"rendered":"Em Canavieiras, julho come\u00e7a com festa em homenagem ao padroeiro da cidade"},"content":{"rendered":"<p style=\"font-weight: 400;\">As comemora\u00e7\u00f5es em homenagem a&nbsp; S\u00e3o Boaventura, padroeiro do munic\u00edpio&nbsp;de&nbsp; Canavieiras (BA), come\u00e7am dia 1\u00ba de julho, com o Trezen\u00e1rio&nbsp; dedicado ao Santo.<br \/>\nA celebra\u00e7\u00e3o da Santa Missa acontecer\u00e1 sempre \u00e0s 19h e a festa este ano, tem com tema:&#8221;300&nbsp;anos de f\u00e9 e evangeliza\u00e7\u00e3o neste ch\u00e3o, construindo&nbsp; o reino de Deus&#8221;.<\/p>\n<p style=\"font-weight: 400;\">As missas ser\u00e3o celebradas&nbsp;pelo Padre Vinicius Mascarenhas (p\u00e1roco da Par\u00f3quia S\u00e3o&nbsp;Boaventura),al\u00e9m de padres visitantes. O Bispo da Diocese de Itabuna, Dom Carlos Alberto dos Santos, tamb\u00e9m marcar\u00e1 presen\u00e7a.<\/p>\n<p style=\"font-weight: 400;\">A programa\u00e7\u00e3o ter\u00e1 continuidade&nbsp;&nbsp;na Pra\u00e7a S\u00e3o&nbsp;Boaventura, onde s\u00e3o realizados os festejos profanos, com barracas de&nbsp;comidas e bebidas e shows musicais.&nbsp;&nbsp;<br \/>\nNo dia festivo, 14 de julho, data em que se comemora o Dia de S\u00e3o&nbsp;Boaventura, a programa\u00e7\u00e3o ser\u00e1 diferenciada:&nbsp;&nbsp;com alvorada festiva com hino de S\u00e3o Boaventura,&nbsp;repicar de sinos e queima de fogos. Em seguida, ser\u00e1 celebrada Missa Solene em&nbsp;louvor ao Padroeiro S\u00e3o Boaventura Prociss\u00e3o com a Imagem do santo e&nbsp;Ben\u00e7\u00e3o do Sant\u00edssimo Sacramento.<\/p>\n<p style=\"font-weight: 400;\">Participe!<\/p>\n<p style=\"text-align: center;\"><strong>Confira a programa\u00e7\u00e3o&nbsp;<\/strong><\/p>\n<p><img loading=\"lazy\" decoding=\"async\" class=\"wp-image-57112 aligncenter\" src=\"http:\/\/portalcatolico.net\/portal\/wp-content\/uploads\/2018\/06\/36340010_2668835249923851_7822578391818698752_n-Copia-300x210.jpg\" alt=\"\" width=\"716\" height=\"501\" srcset=\"http:\/\/portalcatolico.net\/portal\/wp-content\/uploads\/2018\/06\/36340010_2668835249923851_7822578391818698752_n-Copia-300x210.jpg 300w, http:\/\/portalcatolico.net\/portal\/wp-content\/uploads\/2018\/06\/36340010_2668835249923851_7822578391818698752_n-Copia-768x538.jpg 768w, http:\/\/portalcatolico.net\/portal\/wp-content\/uploads\/2018\/06\/36340010_2668835249923851_7822578391818698752_n-Copia.jpg 960w\" sizes=\"auto, (max-width: 716px) 100vw, 716px\" \/><\/p>\n","protected":false},"excerpt":{"rendered":"<p>As comemora\u00e7\u00f5es em homenagem a&nbsp; S\u00e3o Boaventura, padroeiro do munic\u00edpio&nbsp;de&nbsp; Canavieiras (BA), come\u00e7am dia 1\u00ba de julho, com o Trezen\u00e1rio&nbsp; dedicado ao Santo. A celebra\u00e7\u00e3o da Santa Missa acontecer\u00e1 sempre \u00e0s 19h e a festa este ano, tem com tema:&#8221;300&nbsp;anos de f\u00e9 e evangeliza\u00e7\u00e3o neste ch\u00e3o, construindo&nbsp; o reino de Deus&#8221;. As missas ser\u00e3o celebradas&nbsp;pelo&nbsp;<\/p>\n<p><a class=\"btn btn-style\" href=\"http:\/\/portalcatolico.net\/portal\/em-canavieiras-julho-comeca-com-festa-em-homenagem-ao-padroeiro-da-cidade\/\">Continue Reading<\/a><\/p>\n","protected":false},"author":2,"featured_media":57108,"comment_status":"open","ping_status":"open","sticky":false,"template":"","format":"standard","meta":{"footnotes":""},"categories":[1],"tags":[],"class_list":["post-57107","post","type-post","status-publish","format-standard","has-post-thumbnail","hentry","category-agenda"],"_links":{"self":[{"href":"http:\/\/portalcatolico.net\/portal\/wp-json\/wp\/v2\/posts\/57107","targetHints":{"allow":["GET"]}}],"collection":[{"href":"http:\/\/portalcatolico.net\/portal\/wp-json\/wp\/v2\/posts"}],"about":[{"href":"http:\/\/portalcatolico.net\/portal\/wp-json\/wp\/v2\/types\/post"}],"author":[{"embeddable":true,"href":"http:\/\/portalcatolico.net\/portal\/wp-json\/wp\/v2\/users\/2"}],"replies":[{"embeddable":true,"href":"http:\/\/portalcatolico.net\/portal\/wp-json\/wp\/v2\/comments?post=57107"}],"version-history":[{"count":4,"href":"http:\/\/portalcatolico.net\/portal\/wp-json\/wp\/v2\/posts\/57107\/revisions"}],"predecessor-version":[{"id":57113,"href":"http:\/\/portalcatolico.net\/portal\/wp-json\/wp\/v2\/posts\/57107\/revisions\/57113"}],"wp:featuredmedia":[{"embeddable":true,"href":"http:\/\/portalcatolico.net\/portal\/wp-json\/wp\/v2\/media\/57108"}],"wp:attachment":[{"href":"http:\/\/portalcatolico.net\/portal\/wp-json\/wp\/v2\/media?parent=57107"}],"wp:term":[{"taxonomy":"category","embeddable":true,"href":"http:\/\/portalcatolico.net\/portal\/wp-json\/wp\/v2\/categories?post=57107"},{"taxonomy":"post_tag","embeddable":true,"href":"http:\/\/portalcatolico.net\/portal\/wp-json\/wp\/v2\/tags?post=57107"}],"curies":[{"name":"wp","href":"https:\/\/api.w.org\/{rel}","templated":true}]}}