{"id":57104,"date":"2018-06-27T11:43:02","date_gmt":"2018-06-27T14:43:02","guid":{"rendered":"http:\/\/portalcatolico.net\/portal\/?p=57104"},"modified":"2018-06-27T19:43:23","modified_gmt":"2018-06-27T22:43:23","slug":"papa-francisco-nomeia-bispo-auxiliar-de-salvador-como-bispo-coadjutor-de-nova-iguacu-rj","status":"publish","type":"post","link":"http:\/\/portalcatolico.net\/portal\/papa-francisco-nomeia-bispo-auxiliar-de-salvador-como-bispo-coadjutor-de-nova-iguacu-rj\/","title":{"rendered":"Papa Francisco nomeia bispo auxiliar de Salvador como bispo coadjutor de Nova Igua\u00e7u (RJ)"},"content":{"rendered":"<p>Pontualmente, \u00e0s 7 horas da manh\u00e3 de hoje (27), a Nunciatura Apost\u00f3lica no Brasil comunicou a decis\u00e3o do Papa Francisco em nomear o bispo auxiliar da Arquidiocese de Salvador, Dom Gilson Andrade da Silva, como bispo coadjutor da Diocese de Nova Igua\u00e7u (RJ). O an\u00fancio da nomea\u00e7\u00e3o foi realizado pelo Arcebispo de Salvador e Primaz do Brasil, Dom Murilo Krieger, atrav\u00e9s de nota oficial [<a href=\"http:\/\/arquidiocesesalvador.org.br\/nomeacao-de-dom-gilson-andrade-da-silva-como-bispo-coadjutor-da-diocese-de-nova-iguacu-rj\/\">clique aqui e leia a nota na \u00edntegra<\/a>] publicada no site da Arquidiocese de Salvador (<a href=\"http:\/\/www.arquidiocesesalvador.org.br\">www.arquidiocesesalvador.org.br<\/a>) e por meio de entrevista ao vivo na R\u00e1dio Excelsior da Bahia (AM 840).<\/p>\n<p><strong>&nbsp;<\/strong><strong>Biografia de Dom Gilson Andrade da Silva<\/strong><\/p>\n<p>Nascido no dia 11 de setembro de 1966, no Rio de Janeiro (RJ), Dom Gilson Andrade da Silva ingressou, em 1985, no Semin\u00e1rio Diocesano Nossa Senhora do Amor Divino, em Petr\u00f3polis (RJ), onde cursou Filosofia at\u00e9 1987. Em 1988 foi aluno do Col\u00e9gio Eclesi\u00e1stico Internacional Bidasoa, em Pamplona, na Espanha, onde fez bacharelado em Sagrada Teologia na Universidade de Navarra. Ao retornar da Espanha, em 1991, assumiu a vice-reitoria do semin\u00e1rio, onde tamb\u00e9m foi professor, at\u00e9 1997 e depois de 1999 a 2004. Logo ap\u00f3s a Ordena\u00e7\u00e3o Sacerdotal, em 4 de agosto de 1991, assumiu como vig\u00e1rio a Par\u00f3quia de Sant\u2019Ana e S\u00e3o Joaquim, em Petr\u00f3polis, at\u00e9 1994.<\/p>\n<p>No ano 2000 assumiu como professor o curso de Teologia e Filosofia na Universidade Cat\u00f3lica de Petr\u00f3polis. Em 2004 tornou-se membro do Conselho Pastoral Diocesano e, em 2005, membro da Equipe de Coordena\u00e7\u00e3o Diocesana do Plano Pastoral de Conjunto e da Miss\u00e3o Popular. Entre os anos de 2004 e 2005, Dom Gilson foi diretor do Instituto de Teologia, Filosofia e Ci\u00eancias Humanas na Universidade Cat\u00f3lica de Petr\u00f3polis. Tamb\u00e9m no ano de 2004 foi reitor do Semin\u00e1rio Diocesano de Petr\u00f3polis e coordenador da Pastoral da Juventude da Diocese de Petr\u00f3polis.<\/p>\n<p>A partir de 2006 tornou-se membro do Col\u00e9gio de Consultores e, em 2008, presidente da Associa\u00e7\u00e3o Mantenedora das Faculdades Cat\u00f3licas Petropolitanas (UCP).&nbsp; Em 2011, Dom Gilson foi nomeado pelo Papa Bento XVI como bispo auxiliar da Arquidiocese de Salvador. A Ordena\u00e7\u00e3o Episcopal aconteceu no dia 24 de setembro, em Petr\u00f3polis. A posse em Salvador aconteceu no dia 10 de outubro, na Catedral Bas\u00edlica, localizada no Terreiro de Jesus.<\/p>\n<p>Foram quase sete anos auxiliando o pastoreio do Arcebispo de Salvador e Primaz do Brasil, Dom Murilo Krieger, at\u00e9 ser nomeado bispo coadjutor da Diocese de Nova Igua\u00e7u (RJ) no dia 27 de junho de 2018, pelo Papa Francisco. No per\u00edodo em que esteve como bispo auxiliar de Salvador, Dom Gilson foi respons\u00e1vel por in\u00fameras atividades, entre elas destacam-se o acompanhamento do Setor Juventude, como bispo referencial, e o trabalho desenvolvido como secret\u00e1rio da CNBB Regional Nordeste 3 (Bahia e Sergipe).<\/p>\n<p>Por: Sara Gomes-Assessoria de Comunica\u00e7\u00e3o\/Arquidiocese de Salvador<\/p>\n<p>&nbsp;<\/p>\n<p>&nbsp;<\/p>\n","protected":false},"excerpt":{"rendered":"<p>Pontualmente, \u00e0s 7 horas da manh\u00e3 de hoje (27), a Nunciatura Apost\u00f3lica no Brasil comunicou a decis\u00e3o do Papa Francisco em nomear o bispo auxiliar da Arquidiocese de Salvador, Dom Gilson Andrade da Silva, como bispo coadjutor da Diocese de Nova Igua\u00e7u (RJ). O an\u00fancio da nomea\u00e7\u00e3o foi realizado pelo Arcebispo de Salvador e Primaz&nbsp;<\/p>\n<p><a class=\"btn btn-style\" href=\"http:\/\/portalcatolico.net\/portal\/papa-francisco-nomeia-bispo-auxiliar-de-salvador-como-bispo-coadjutor-de-nova-iguacu-rj\/\">Continue Reading<\/a><\/p>\n","protected":false},"author":2,"featured_media":57105,"comment_status":"open","ping_status":"open","sticky":false,"template":"","format":"standard","meta":{"footnotes":""},"categories":[3],"tags":[],"class_list":["post-57104","post","type-post","status-publish","format-standard","has-post-thumbnail","hentry","category-noticias_regionais"],"_links":{"self":[{"href":"http:\/\/portalcatolico.net\/portal\/wp-json\/wp\/v2\/posts\/57104","targetHints":{"allow":["GET"]}}],"collection":[{"href":"http:\/\/portalcatolico.net\/portal\/wp-json\/wp\/v2\/posts"}],"about":[{"href":"http:\/\/portalcatolico.net\/portal\/wp-json\/wp\/v2\/types\/post"}],"author":[{"embeddable":true,"href":"http:\/\/portalcatolico.net\/portal\/wp-json\/wp\/v2\/users\/2"}],"replies":[{"embeddable":true,"href":"http:\/\/portalcatolico.net\/portal\/wp-json\/wp\/v2\/comments?post=57104"}],"version-history":[{"count":1,"href":"http:\/\/portalcatolico.net\/portal\/wp-json\/wp\/v2\/posts\/57104\/revisions"}],"predecessor-version":[{"id":57106,"href":"http:\/\/portalcatolico.net\/portal\/wp-json\/wp\/v2\/posts\/57104\/revisions\/57106"}],"wp:featuredmedia":[{"embeddable":true,"href":"http:\/\/portalcatolico.net\/portal\/wp-json\/wp\/v2\/media\/57105"}],"wp:attachment":[{"href":"http:\/\/portalcatolico.net\/portal\/wp-json\/wp\/v2\/media?parent=57104"}],"wp:term":[{"taxonomy":"category","embeddable":true,"href":"http:\/\/portalcatolico.net\/portal\/wp-json\/wp\/v2\/categories?post=57104"},{"taxonomy":"post_tag","embeddable":true,"href":"http:\/\/portalcatolico.net\/portal\/wp-json\/wp\/v2\/tags?post=57104"}],"curies":[{"name":"wp","href":"https:\/\/api.w.org\/{rel}","templated":true}]}}