{"id":57095,"date":"2018-06-27T05:26:54","date_gmt":"2018-06-27T08:26:54","guid":{"rendered":"http:\/\/portalcatolico.net\/portal\/?p=57095"},"modified":"2018-06-27T05:27:51","modified_gmt":"2018-06-27T08:27:51","slug":"xviii-congresso-eucaristico-dioceses-estao-todas-motivadas-diz-dom-saburido","status":"publish","type":"post","link":"http:\/\/portalcatolico.net\/portal\/xviii-congresso-eucaristico-dioceses-estao-todas-motivadas-diz-dom-saburido\/","title":{"rendered":"XVIII Congresso Eucar\u00edstico: \u201cDioceses est\u00e3o todas motivadas\u201d, diz dom Saburido"},"content":{"rendered":"<p>O XVIII Congresso Eucar\u00edstico Nacional acontecer\u00e1 em Recife (PE), de 12 a 15 de novembro de 2020. O tema j\u00e1 foi escolhido: \u201cP\u00e3o em todas as mesas\u201d. Em entrevista ao portal da Confer\u00eancia Nacional dos Bispos do Brasil (CNBB), o arcebispo de Olinda e Recife, dom Ant\u00f4nio Fernando Saburido, que \u00e9 presidente do regional Nordeste 2 da entidade, falou sobre a prepara\u00e7\u00e3o para o evento e do envolvimento das dioceses e arquidioceses de Alagoas, Para\u00edba, Pernambuco e Rio Grande do Norte.<\/p>\n<p>Dom Fernando ainda recorda o lan\u00e7amento de materiais do Congresso, como o hino oficial e a logomarca do 18\u00b0 CEN, em um momento festivo, com apresenta\u00e7\u00f5es culturais do Movimento Pr\u00f3-crian\u00e7a, Instituto Dom da Paz e Orquestra Crian\u00e7a Cidad\u00e3, grupos pertencentes ou ligados \u00e0 arquidiocese.<\/p>\n<p><strong>Como tem sido a prepara\u00e7\u00e3o e a expectativa para sediar mais uma vez o Congresso Eucar\u00edstico Nacional?<\/strong><\/p>\n<div id=\"attachment_195989\" class=\"wp-caption alignleft\">\n<p><img loading=\"lazy\" decoding=\"async\" class=\"size-medium wp-image-195989\" src=\"http:\/\/www.cnbb.org.br\/wp-content\/uploads\/sites\/32\/2018\/06\/Reuniao-Comiss%C3%A3o-CEN-2020-300x169.jpg\" srcset=\"http:\/\/www.cnbb.org.br\/wp-content\/uploads\/sites\/32\/2018\/06\/Reuniao-Comiss\u00e3o-CEN-2020-300x169.jpg 300w, http:\/\/www.cnbb.org.br\/wp-content\/uploads\/sites\/32\/2018\/06\/Reuniao-Comiss\u00e3o-CEN-2020-768x432.jpg 768w, http:\/\/www.cnbb.org.br\/wp-content\/uploads\/sites\/32\/2018\/06\/Reuniao-Comiss\u00e3o-CEN-2020.jpg 853w\" alt=\"\" width=\"300\" height=\"169\"><\/p>\n<p class=\"wp-caption-text\"><em>Pastoral da Comunica\u00e7\u00e3o AOR<\/em><\/p>\n<\/div>\n<p>Tem sido uma ocasi\u00e3o de muita alegria para a arquidiocese de Olinda e Recife. Todo mundo est\u00e1 vibrando com essa oportunidade que, pela segunda vez, acontece l\u00e1 em Recife. J\u00e1 temos formada a comiss\u00e3o central com representantes de todas as quatro prov\u00edncias eclesi\u00e1sticas [do regional Nordeste 2 da CNBB] e o clima \u00e9 de festa. Estamos preparando neste momento para fazer o lan\u00e7amento da logomarca e do hino do congresso. Isso vai acontecer exatamente dois anos antes do congresso, no dia 12 de novembro de 2018, no Centro de Conven\u00e7\u00f5es de Recife. \u00c9 um dos locais onde vai acontecer o congresso e onde teremos os semin\u00e1rios, as palestras, as feirinhas, exposi\u00e7\u00f5es. E todo mundo est\u00e1 realmente bastante feliz, motivado, esperan\u00e7oso.<\/p>\n<p>\u00c9 a primeira vez que acontece essa experi\u00eancia de todo o regional se envolver no projeto do congresso e a gente percebe que as dioceses est\u00e3o todas motivadas. \u00c9 tanto que o regional Nordeste 2 aceitou fazer a coleta para o congresso antecipadamente para termos recursos para come\u00e7ar os trabalhos, de modo que ser\u00e1 em setembro desse ano a coleta no regional, enquanto no pa\u00eds inteiro vai ser em setembro do pr\u00f3ximo ano.<\/p>\n<p><strong>Para o pr\u00f3ximo ano tamb\u00e9m est\u00e3o previstos eventos nas sedes das prov\u00edncias?<\/strong><\/p>\n<p>Estamos pensando isso, como vai acontecer. N\u00e3o ser\u00e3o congressos, mas eventos de prepara\u00e7\u00e3o para o Congresso e quem vai ficar \u00e0 frente s\u00e3o os representantes das prov\u00edncias que v\u00e3o entrar em contato com as demais dioceses para organizar isso. Mas est\u00e1 tudo no come\u00e7o, come\u00e7amos a apensar isso agora e vamos para frente.<\/p>\n<div id=\"attachment_195983\" class=\"wp-caption alignright\">\n<p><img loading=\"lazy\" decoding=\"async\" class=\"size-medium wp-image-195983\" src=\"http:\/\/www.cnbb.org.br\/wp-content\/uploads\/sites\/32\/2018\/06\/IMG-20180531-WA0037-300x225.jpg\" srcset=\"http:\/\/www.cnbb.org.br\/wp-content\/uploads\/sites\/32\/2018\/06\/IMG-20180531-WA0037-300x225.jpg 300w, http:\/\/www.cnbb.org.br\/wp-content\/uploads\/sites\/32\/2018\/06\/IMG-20180531-WA0037-768x576.jpg 768w, http:\/\/www.cnbb.org.br\/wp-content\/uploads\/sites\/32\/2018\/06\/IMG-20180531-WA0037-1024x768.jpg 1024w, http:\/\/www.cnbb.org.br\/wp-content\/uploads\/sites\/32\/2018\/06\/IMG-20180531-WA0037.jpg 1280w\" alt=\"\" width=\"300\" height=\"225\"><\/p>\n<p class=\"wp-caption-text\"><em>Foto: Pastoral da Comunica\u00e7\u00e3o AOR<\/em><\/p>\n<\/div>\n<p><strong>E sobre o tema \u201cP\u00e3o em todas as mesas\u201d, o que motivou \u00e9 uma realidade local e de todo o Brasil?<\/strong><\/p>\n<p>Acho que no Brasil, o Norte e o Nordeste s\u00e3o duas regi\u00f5es muito sofridas. Ent\u00e3o, havendo um Congresso Eucar\u00edstico em Recife, n\u00e3o poderia ser diferente. Pensamos num tema inspirado um pouco em um dos c\u00e2nticos do Z\u00e9 Vicente, que fala em P\u00e3o em todas as mesas, e procurar mostrar essa realidade diversa do Recife: as grandes pot\u00eancias que tem l\u00e1 \u2013 pessoas que realmente tem bastante condi\u00e7\u00f5es \u2013 e a mis\u00e9ria \u2013 que \u00e9 muito presente tamb\u00e9m. E procurar trabalhar e moldar, para levar partilha, levar as pessoas a pensar no outro, nos pobres de maneira especial, para que o congresso seja fruto de um esfor\u00e7o nesse sentido de fazermos comunh\u00e3o, de sermos solid\u00e1rios, para com os nossos irm\u00e3os mais sofridos.<\/p>\n<p><strong>Essa \u00e9 a segunda vez que arquidiocese sedia o Congresso Eucar\u00edstico Nacional. O que tem de legado de l\u00e1 para c\u00e1?<\/strong><\/p>\n<p>O primeiro congresso foi em 1939, portanto h\u00e1 bastante tempo. Muita coisa mudou, s\u00e3o d\u00e9cadas de diferen\u00e7a, mas n\u00f3s vamos fazer um elo entre os dois acontecimentos. Estamos pesquisando para encontrar elementos que possam se completar e aproveitar as ideias, lembran\u00e7as do primeiro congresso para poder ent\u00e3o agora dar continuidade nessa ocasi\u00e3o, de modo que todo isso est\u00e1 sendo trabalhado por equipes espec\u00edficas. Temos 13 equipes montadas e trabalhando para poder ent\u00e3o fazermos um, congresso bonito e que possa fazer um bem n\u00e3o s\u00f3 \u00e0 arquidiocese e ao mundo, mas a todos aqueles que v\u00e3o participar conosco l\u00e1 no Recife em 2020.<\/p>\n<p><strong>Um dos legados do congresso de 1939 foram igrejas constru\u00eddas e os locais de eventos.<\/strong><\/p>\n<p>O primeiro congresso de 1939 deixou uma lembran\u00e7a muito forte: foi a constru\u00e7\u00e3o de uma Igreja em um bairro bastante importante de Recife, o Espinheiro, uma Igreja dedicada \u00e0 Eucaristia. E essa Igreja atualmente \u00e9 uma par\u00f3quia muito frequentada que todos se recordam do congresso a partir dela. N\u00e3o somente a igreja, mas tamb\u00e9m o parque 13 de maio, que \u00e9 um parque importante de Recife. L\u00e1 que foi a sede do Congresso. Naquela \u00e9poca n\u00e3o tinha absolutamente nada e hoje \u00e9 um parque bastante importante e frequentado e que foi um legado do congresso eucar\u00edstico de 1939.<\/p>\n<p>Confira o v\u00eddeo produzido pela arquidiocese de Olinda e Recife sobre a prepara\u00e7\u00e3o para o XVIII Congresso Eucar\u00edstico Nacional.<\/p>\n<p><iframe loading=\"lazy\"  id=\"_ytid_73089\"  width=\"480\" height=\"270\"  data-origwidth=\"480\" data-origheight=\"270\" src=\"https:\/\/www.youtube.com\/embed\/nryNybLbFCE?enablejsapi=1&#038;autoplay=0&#038;cc_load_policy=0&#038;cc_lang_pref=&#038;iv_load_policy=1&#038;loop=0&#038;rel=1&#038;fs=1&#038;playsinline=0&#038;autohide=2&#038;theme=dark&#038;color=red&#038;controls=1&#038;disablekb=0&#038;\" class=\"__youtube_prefs__  epyt-is-override  no-lazyload\" title=\"YouTube player\"  allow=\"fullscreen; accelerometer; autoplay; clipboard-write; encrypted-media; gyroscope; picture-in-picture; web-share\" referrerpolicy=\"strict-origin-when-cross-origin\" allowfullscreen data-no-lazy=\"1\" data-skipgform_ajax_framebjll=\"\"><\/iframe><\/p>\n<p>Informa\u00e7\u00f5es do site oficial da CNBB<\/p>\n","protected":false},"excerpt":{"rendered":"<p>O XVIII Congresso Eucar\u00edstico Nacional acontecer\u00e1 em Recife (PE), de 12 a 15 de novembro de 2020. O tema j\u00e1 foi escolhido: \u201cP\u00e3o em todas as mesas\u201d. Em entrevista ao portal da Confer\u00eancia Nacional dos Bispos do Brasil (CNBB), o arcebispo de Olinda e Recife, dom Ant\u00f4nio Fernando Saburido, que \u00e9 presidente do regional Nordeste&nbsp;<\/p>\n<p><a class=\"btn btn-style\" href=\"http:\/\/portalcatolico.net\/portal\/xviii-congresso-eucaristico-dioceses-estao-todas-motivadas-diz-dom-saburido\/\">Continue Reading<\/a><\/p>\n","protected":false},"author":2,"featured_media":57096,"comment_status":"open","ping_status":"open","sticky":false,"template":"","format":"standard","meta":{"footnotes":""},"categories":[1],"tags":[],"class_list":["post-57095","post","type-post","status-publish","format-standard","has-post-thumbnail","hentry","category-agenda"],"_links":{"self":[{"href":"http:\/\/portalcatolico.net\/portal\/wp-json\/wp\/v2\/posts\/57095","targetHints":{"allow":["GET"]}}],"collection":[{"href":"http:\/\/portalcatolico.net\/portal\/wp-json\/wp\/v2\/posts"}],"about":[{"href":"http:\/\/portalcatolico.net\/portal\/wp-json\/wp\/v2\/types\/post"}],"author":[{"embeddable":true,"href":"http:\/\/portalcatolico.net\/portal\/wp-json\/wp\/v2\/users\/2"}],"replies":[{"embeddable":true,"href":"http:\/\/portalcatolico.net\/portal\/wp-json\/wp\/v2\/comments?post=57095"}],"version-history":[{"count":3,"href":"http:\/\/portalcatolico.net\/portal\/wp-json\/wp\/v2\/posts\/57095\/revisions"}],"predecessor-version":[{"id":57099,"href":"http:\/\/portalcatolico.net\/portal\/wp-json\/wp\/v2\/posts\/57095\/revisions\/57099"}],"wp:featuredmedia":[{"embeddable":true,"href":"http:\/\/portalcatolico.net\/portal\/wp-json\/wp\/v2\/media\/57096"}],"wp:attachment":[{"href":"http:\/\/portalcatolico.net\/portal\/wp-json\/wp\/v2\/media?parent=57095"}],"wp:term":[{"taxonomy":"category","embeddable":true,"href":"http:\/\/portalcatolico.net\/portal\/wp-json\/wp\/v2\/categories?post=57095"},{"taxonomy":"post_tag","embeddable":true,"href":"http:\/\/portalcatolico.net\/portal\/wp-json\/wp\/v2\/tags?post=57095"}],"curies":[{"name":"wp","href":"https:\/\/api.w.org\/{rel}","templated":true}]}}