{"id":57091,"date":"2018-06-27T05:11:10","date_gmt":"2018-06-27T08:11:10","guid":{"rendered":"http:\/\/portalcatolico.net\/portal\/?p=57091"},"modified":"2018-06-27T05:11:56","modified_gmt":"2018-06-27T08:11:56","slug":"convite-missa-de-3-anos-de-falecimento-da-saudosa-maria-jose-dos-santos-zeze","status":"publish","type":"post","link":"http:\/\/portalcatolico.net\/portal\/convite-missa-de-3-anos-de-falecimento-da-saudosa-maria-jose-dos-santos-zeze\/","title":{"rendered":"Convite: Missa de 3 anos de falecimento da saudosa Maria Jos\u00e9 dos Santos (Zez\u00e9)"},"content":{"rendered":"<p><em>Os familiares da saudosa&nbsp;Maria Jos\u00e9 dos Santos &nbsp;convidam parentes e amigos para participarem da Missa de 3 anos de seu falecimento, que ser\u00e1 celebrada&nbsp; dia 28\/06\/2018, \u00e0s 9hs, na Comunidade Nossa Senhora das Dores, situada no bairro Fonseca em Itabuna.<\/em><\/p>\n<p><em>&nbsp;<\/em><em>Desde agora agradecem a presen\u00e7a de todos.<\/em><\/p>\n<p><img loading=\"lazy\" decoding=\"async\" class=\"wp-image-57093 aligncenter\" src=\"http:\/\/portalcatolico.net\/portal\/wp-content\/uploads\/2018\/06\/DSCN9719-300x225.jpg\" alt=\"\" width=\"728\" height=\"546\" srcset=\"http:\/\/portalcatolico.net\/portal\/wp-content\/uploads\/2018\/06\/DSCN9719-300x225.jpg 300w, http:\/\/portalcatolico.net\/portal\/wp-content\/uploads\/2018\/06\/DSCN9719-768x576.jpg 768w, http:\/\/portalcatolico.net\/portal\/wp-content\/uploads\/2018\/06\/DSCN9719-1024x768.jpg 1024w, http:\/\/portalcatolico.net\/portal\/wp-content\/uploads\/2018\/06\/DSCN9719.jpg 1600w\" sizes=\"auto, (max-width: 728px) 100vw, 728px\" \/><\/p>\n","protected":false},"excerpt":{"rendered":"<p>Os familiares da saudosa&nbsp;Maria Jos\u00e9 dos Santos &nbsp;convidam parentes e amigos para participarem da Missa de 3 anos de seu falecimento, que ser\u00e1 celebrada&nbsp; dia 28\/06\/2018, \u00e0s 9hs, na Comunidade Nossa Senhora das Dores, situada no bairro Fonseca em Itabuna. &nbsp;Desde agora agradecem a presen\u00e7a de todos.<\/p>\n","protected":false},"author":2,"featured_media":57092,"comment_status":"open","ping_status":"open","sticky":false,"template":"","format":"standard","meta":{"footnotes":""},"categories":[4],"tags":[],"class_list":["post-57091","post","type-post","status-publish","format-standard","has-post-thumbnail","hentry","category-destaques"],"_links":{"self":[{"href":"http:\/\/portalcatolico.net\/portal\/wp-json\/wp\/v2\/posts\/57091","targetHints":{"allow":["GET"]}}],"collection":[{"href":"http:\/\/portalcatolico.net\/portal\/wp-json\/wp\/v2\/posts"}],"about":[{"href":"http:\/\/portalcatolico.net\/portal\/wp-json\/wp\/v2\/types\/post"}],"author":[{"embeddable":true,"href":"http:\/\/portalcatolico.net\/portal\/wp-json\/wp\/v2\/users\/2"}],"replies":[{"embeddable":true,"href":"http:\/\/portalcatolico.net\/portal\/wp-json\/wp\/v2\/comments?post=57091"}],"version-history":[{"count":1,"href":"http:\/\/portalcatolico.net\/portal\/wp-json\/wp\/v2\/posts\/57091\/revisions"}],"predecessor-version":[{"id":57094,"href":"http:\/\/portalcatolico.net\/portal\/wp-json\/wp\/v2\/posts\/57091\/revisions\/57094"}],"wp:featuredmedia":[{"embeddable":true,"href":"http:\/\/portalcatolico.net\/portal\/wp-json\/wp\/v2\/media\/57092"}],"wp:attachment":[{"href":"http:\/\/portalcatolico.net\/portal\/wp-json\/wp\/v2\/media?parent=57091"}],"wp:term":[{"taxonomy":"category","embeddable":true,"href":"http:\/\/portalcatolico.net\/portal\/wp-json\/wp\/v2\/categories?post=57091"},{"taxonomy":"post_tag","embeddable":true,"href":"http:\/\/portalcatolico.net\/portal\/wp-json\/wp\/v2\/tags?post=57091"}],"curies":[{"name":"wp","href":"https:\/\/api.w.org\/{rel}","templated":true}]}}