{"id":57085,"date":"2018-06-26T12:13:19","date_gmt":"2018-06-26T15:13:19","guid":{"rendered":"http:\/\/portalcatolico.net\/portal\/?p=57085"},"modified":"2018-06-26T21:15:44","modified_gmt":"2018-06-27T00:15:44","slug":"papa-francisco-quatro-cardeais-para-a-ordem-dos-bispos","status":"publish","type":"post","link":"http:\/\/portalcatolico.net\/portal\/papa-francisco-quatro-cardeais-para-a-ordem-dos-bispos\/","title":{"rendered":"Papa Francisco: Quatro cardeais para a Ordem dos Bispos"},"content":{"rendered":"<div class=\"article__subTitle\">O Rescrito assinado pelo Substituto da Secretaria de Estado, comunica a passagem dos cardeais Pietro Parolin, Leonardo Sandri, Marc Ouellet e Fernando Filoni para a Ordem dos Bispos.<\/div>\n<div class=\"article__text\">\n<p>Nesta ter\u00e7a-feira (26\/06) foi publicado um Rescrito assinado pelo Substituto da Secretaria de Estado D.&nbsp;<b>Angelo Becciu&nbsp;<\/b>com o qual o&nbsp;<b>Papa Francisco<\/b>&nbsp;comunica a passagem de quatro cardeais para a Ordem dos Bispos.<\/p>\n<p>\u201cOs Romanos Pont\u00edfices sempre olharam com olhos de fraterna predile\u00e7\u00e3o ao Col\u00e9gio dos Cardeais\u201d, com esta frase inicia o Rescrito com o qual \u00e9 comunicada a passagem dos cardeais&nbsp;<b>Pietro Parolin<\/b>,&nbsp;<b>Leonardo Sandri<\/b>,&nbsp;<b>Marc Ouellet<\/b>&nbsp;e&nbsp;<b>Fernando Filoni<\/b>&nbsp;para a Ordem dos Bispos.<\/p>\n<h2><b>Sustento \u00e0 miss\u00e3o do Sucessor de Pedro<\/b><\/h2>\n<p>Em seguida escreve que os cardeais \u201coferecem um peculiar sustento \u00e0 miss\u00e3o do Sucessor de Pedro, levando a preciosa contribui\u00e7\u00e3o de sua experi\u00eancia e de seu servi\u00e7o \u00e0s Igrejas particulares espalhadas em todo o mundo e enriquecendo de modo eficiente a comunh\u00e3o com a Igreja de Roma\u201d.<\/p>\n<h2><b>Cardeais da Ordem dos Bispos<\/b><\/h2>\n<p>Segundo o Rescrito \u201cnas \u00faltimas d\u00e9cadas registrou-se um significativo aumento do Col\u00e9gio dos Cardeais. Todavia na sua divis\u00e3o enquanto os Membros da Ordem dos Cardeais-Presb\u00edteros e dos Cardeais-Di\u00e1conos aumentaram consideravelmente, o n\u00famero dos Cardeais que fazem parte da Ordem dos Bispos permaneceu constante\u201d. Por isso considerando a necessidade de aumentar a atual composi\u00e7\u00e3o, o Santo Padre indicou o nome dos quatro cardeais que far\u00e3o parte da Ordem dos Bispos.<\/p>\n<p><strong>Ou\u00e7a o \u00e1udio&nbsp;<\/strong><\/p>\n<audio class=\"wp-audio-shortcode\" id=\"audio-57085-1\" preload=\"none\" style=\"width: 100%;\" controls=\"controls\"><source type=\"audio\/mpeg\" src=\"http:\/\/portalcatolico.net\/portal\/wp-content\/uploads\/2018\/06\/134505497_F134505497.mp3?_=1\" \/><a href=\"http:\/\/portalcatolico.net\/portal\/wp-content\/uploads\/2018\/06\/134505497_F134505497.mp3\">http:\/\/portalcatolico.net\/portal\/wp-content\/uploads\/2018\/06\/134505497_F134505497.mp3<\/a><\/audio>\n<p>Fonte: Vatican News<\/p>\n<\/div>\n","protected":false},"excerpt":{"rendered":"<p>O Rescrito assinado pelo Substituto da Secretaria de Estado, comunica a passagem dos cardeais Pietro Parolin, Leonardo Sandri, Marc Ouellet e Fernando Filoni para a Ordem dos Bispos. Nesta ter\u00e7a-feira (26\/06) foi publicado um Rescrito assinado pelo Substituto da Secretaria de Estado D.&nbsp;Angelo Becciu&nbsp;com o qual o&nbsp;Papa Francisco&nbsp;comunica a passagem de quatro cardeais para a&nbsp;<\/p>\n<p><a class=\"btn btn-style\" href=\"http:\/\/portalcatolico.net\/portal\/papa-francisco-quatro-cardeais-para-a-ordem-dos-bispos\/\">Continue Reading<\/a><\/p>\n","protected":false},"author":2,"featured_media":57086,"comment_status":"open","ping_status":"open","sticky":false,"template":"","format":"standard","meta":{"footnotes":""},"categories":[5],"tags":[],"class_list":["post-57085","post","type-post","status-publish","format-standard","has-post-thumbnail","hentry","category-igreja_no_mundo"],"_links":{"self":[{"href":"http:\/\/portalcatolico.net\/portal\/wp-json\/wp\/v2\/posts\/57085","targetHints":{"allow":["GET"]}}],"collection":[{"href":"http:\/\/portalcatolico.net\/portal\/wp-json\/wp\/v2\/posts"}],"about":[{"href":"http:\/\/portalcatolico.net\/portal\/wp-json\/wp\/v2\/types\/post"}],"author":[{"embeddable":true,"href":"http:\/\/portalcatolico.net\/portal\/wp-json\/wp\/v2\/users\/2"}],"replies":[{"embeddable":true,"href":"http:\/\/portalcatolico.net\/portal\/wp-json\/wp\/v2\/comments?post=57085"}],"version-history":[{"count":3,"href":"http:\/\/portalcatolico.net\/portal\/wp-json\/wp\/v2\/posts\/57085\/revisions"}],"predecessor-version":[{"id":57090,"href":"http:\/\/portalcatolico.net\/portal\/wp-json\/wp\/v2\/posts\/57085\/revisions\/57090"}],"wp:featuredmedia":[{"embeddable":true,"href":"http:\/\/portalcatolico.net\/portal\/wp-json\/wp\/v2\/media\/57086"}],"wp:attachment":[{"href":"http:\/\/portalcatolico.net\/portal\/wp-json\/wp\/v2\/media?parent=57085"}],"wp:term":[{"taxonomy":"category","embeddable":true,"href":"http:\/\/portalcatolico.net\/portal\/wp-json\/wp\/v2\/categories?post=57085"},{"taxonomy":"post_tag","embeddable":true,"href":"http:\/\/portalcatolico.net\/portal\/wp-json\/wp\/v2\/tags?post=57085"}],"curies":[{"name":"wp","href":"https:\/\/api.w.org\/{rel}","templated":true}]}}