{"id":57082,"date":"2018-06-26T20:54:16","date_gmt":"2018-06-26T23:54:16","guid":{"rendered":"http:\/\/portalcatolico.net\/portal\/?p=57082"},"modified":"2018-06-26T20:54:16","modified_gmt":"2018-06-26T23:54:16","slug":"sao-pedro-e-celebrado-em-diversas-paroquias-em-itabuna","status":"publish","type":"post","link":"http:\/\/portalcatolico.net\/portal\/sao-pedro-e-celebrado-em-diversas-paroquias-em-itabuna\/","title":{"rendered":"S\u00e3o Pedro \u00e9 celebrado em diversas par\u00f3quias em Itabuna"},"content":{"rendered":"<p style=\"font-weight: 400;\">O m\u00eas de Junho \u00e9 caracterizado pelas festas pr\u00f3prias deste m\u00eas, dentre&nbsp;elas, \u00e9 celebrado o dia de S\u00e3o Pedro, padroeiro da comunidade situada no&nbsp;bairro S\u00e3o Pedro em Itabuna (BA).<br \/>\nTodos os anos, \u00e9 realizado um Tr\u00edduo para homenagear seu padroeiro. Com&nbsp;o tema: Crist\u00e3os leigos&nbsp; e leigas na &#8220;Igreja em sa\u00edda&#8221; \u00e0 servi\u00e7o de&nbsp;Reino.<\/p>\n<p>Os preparativos&nbsp; t\u00eam inicio dia 28 de junho e segue at\u00e9 01 de julho, dia&nbsp;festivo.Todas as noites, \u00e0s 18h, ter\u00e1 a Reza&nbsp;do ter\u00e7o. E \u00e0s 19h, celebra\u00e7\u00e3o eucar\u00edstica.<\/p>\n<p style=\"font-weight: 400;\">No domingo, a programa\u00e7\u00e3o ser\u00e1 assim: 5h, alvorada com queima de fogos; 12h, caruru na Escola Padre Carlos&nbsp;Sal\u00e9rio, situada na Rua&nbsp; Horizonte, 384; 17h, celebra\u00e7\u00e3o eucar\u00edstica presidida por Dom Carlos Alberto, seguida de prociss\u00e3o luminosa.<\/p>\n<p style=\"font-weight: 400;\">\nVale ressaltar que a Par\u00f3quia Nossa Senhora da Concei\u00e7\u00e3o, situada no bairro Concei\u00e7\u00e3o&nbsp;em Itabuna, tamb\u00e9m festeja o Tr\u00edduo em honra \u00e0 S\u00e3o Pedro, padroeiro do bairro S\u00e3o Pedro&nbsp;.<\/p>\n<p>S\u00e3o Pedro \u00e9 o ap\u00f3stolo que Jesus Cristo escolheu e investiu da dignidade&nbsp;de ser o primeiro Papa da Igreja. \u00c0 ele Jesus disse: &#8220;Tu \u00e9s Pedro e&nbsp;sobre esta pedra fundarei a minha Igreja&#8221;. (Mt 16,13-19), o pastor do&nbsp;<br \/>\nrebanho santo (Jo\u00e3o 21,15-17), \u00e9 na sua pessoa e nos seus sucessores que&nbsp;temos o sinal vis\u00edvel da unidade e da comunh\u00e3o na f\u00e9 e na caridade.<\/p>\n","protected":false},"excerpt":{"rendered":"<p>O m\u00eas de Junho \u00e9 caracterizado pelas festas pr\u00f3prias deste m\u00eas, dentre&nbsp;elas, \u00e9 celebrado o dia de S\u00e3o Pedro, padroeiro da comunidade situada no&nbsp;bairro S\u00e3o Pedro em Itabuna (BA). Todos os anos, \u00e9 realizado um Tr\u00edduo para homenagear seu padroeiro. Com&nbsp;o tema: Crist\u00e3os leigos&nbsp; e leigas na &#8220;Igreja em sa\u00edda&#8221; \u00e0 servi\u00e7o de&nbsp;Reino. Os preparativos&nbsp;&nbsp;<\/p>\n<p><a class=\"btn btn-style\" href=\"http:\/\/portalcatolico.net\/portal\/sao-pedro-e-celebrado-em-diversas-paroquias-em-itabuna\/\">Continue Reading<\/a><\/p>\n","protected":false},"author":2,"featured_media":57083,"comment_status":"open","ping_status":"open","sticky":false,"template":"","format":"standard","meta":{"footnotes":""},"categories":[1],"tags":[],"class_list":["post-57082","post","type-post","status-publish","format-standard","has-post-thumbnail","hentry","category-agenda"],"_links":{"self":[{"href":"http:\/\/portalcatolico.net\/portal\/wp-json\/wp\/v2\/posts\/57082","targetHints":{"allow":["GET"]}}],"collection":[{"href":"http:\/\/portalcatolico.net\/portal\/wp-json\/wp\/v2\/posts"}],"about":[{"href":"http:\/\/portalcatolico.net\/portal\/wp-json\/wp\/v2\/types\/post"}],"author":[{"embeddable":true,"href":"http:\/\/portalcatolico.net\/portal\/wp-json\/wp\/v2\/users\/2"}],"replies":[{"embeddable":true,"href":"http:\/\/portalcatolico.net\/portal\/wp-json\/wp\/v2\/comments?post=57082"}],"version-history":[{"count":1,"href":"http:\/\/portalcatolico.net\/portal\/wp-json\/wp\/v2\/posts\/57082\/revisions"}],"predecessor-version":[{"id":57084,"href":"http:\/\/portalcatolico.net\/portal\/wp-json\/wp\/v2\/posts\/57082\/revisions\/57084"}],"wp:featuredmedia":[{"embeddable":true,"href":"http:\/\/portalcatolico.net\/portal\/wp-json\/wp\/v2\/media\/57083"}],"wp:attachment":[{"href":"http:\/\/portalcatolico.net\/portal\/wp-json\/wp\/v2\/media?parent=57082"}],"wp:term":[{"taxonomy":"category","embeddable":true,"href":"http:\/\/portalcatolico.net\/portal\/wp-json\/wp\/v2\/categories?post=57082"},{"taxonomy":"post_tag","embeddable":true,"href":"http:\/\/portalcatolico.net\/portal\/wp-json\/wp\/v2\/tags?post=57082"}],"curies":[{"name":"wp","href":"https:\/\/api.w.org\/{rel}","templated":true}]}}