{"id":57079,"date":"2018-06-25T20:34:26","date_gmt":"2018-06-25T23:34:26","guid":{"rendered":"http:\/\/portalcatolico.net\/portal\/?p=57079"},"modified":"2018-06-25T20:34:26","modified_gmt":"2018-06-25T23:34:26","slug":"jubileu-recorda-117-martires-do-vietnam","status":"publish","type":"post","link":"http:\/\/portalcatolico.net\/portal\/jubileu-recorda-117-martires-do-vietnam\/","title":{"rendered":"Jubileu recorda 117 m\u00e1rtires do Vietnam"},"content":{"rendered":"<p>Quando o Papa Jo\u00e3o Paulo II, no dia 19 de junho de 1988, canonizou 117 Beatos do Vietnam, que foram assassinados por \u00f3dio \u00e0 f\u00e9 entre 1745 e 1862, ele assim se referiu aos novos santos: Aqui est\u00e1 &#8220;a pureza e a for\u00e7a deste extraordin\u00e1rio testemunho&#8221;.<\/p>\n<p>19 de junho de 1988: 30 anos depois&#8230;<\/p>\n<p>Neste dia 19 de junho foi dado in\u00edcio \u00e0s comemora\u00e7\u00f5es do Jubileu especial para exaltar esse acontecimento verdadeiramente hist\u00f3rico e cheio de santidade.<br \/>\nForam celebradas tr\u00eas Missas solenes nos tr\u00eas locais mais significativos e simb\u00f3licos para a hist\u00f3ria da Igreja naquele pa\u00eds do sudeste asi\u00e1tico.<br \/>\nAs celebra\u00e7\u00f5es jubilares continuar\u00e3o at\u00e9 24 de novembro, dia em que s\u00e3o festejados todos os 117 Santos, que foram beatificados em 4 diferentes ocasi\u00f5es, por tr\u00eas Pont\u00edfices diferentes:<br \/>\n64 deles beatificados pelo Papa Le\u00e3o XIII em 1900;<br \/>\n28 foram beatificados por S\u00e3o Pio X em 1906 e 1909 e<br \/>\n25 deles foram beatificados por Pio XII em 1951.<br \/>\nOs tr\u00eas locais simb\u00f3licos<br \/>\nOs locais escolhidos para as celebra\u00e7\u00f5es de abertura do Jubileu s\u00e3o tr\u00eas locais considerados fundamentais na hist\u00f3ria da Igreja no Vietn\u00e3.<br \/>\nO primeiro destes lugares \u00e9 a Bas\u00edlica Menor de Nossa Senhora da Imaculada Concei\u00e7\u00e3o, em Soi Ki?n, local de origem de dois irm\u00e3os martirizados, o Padre Peter Truong Van Thi e Peter Truong Van Duong.<br \/>\nO segundo local simb\u00f3lico escolhido foi o centro de peregrina\u00e7\u00f5es de Nossa Senhora de La Vang, na prov\u00edncia de Quang Tri &#8211; regi\u00e3o central do pa\u00eds &#8211; onde a Virgem apareceu mais de 200 anos atr\u00e1s a alguns peregrinos em fuga de persegui\u00e7\u00f5es religiosas.<br \/>\nO terceiro lugar escolhido e considerado simb\u00f3lico foi o centro de peregrina\u00e7\u00e3o Ba Gi\u00f4ng que fica na prov\u00edncia de Ti?n Giang , terra onde nasceram milhares de m\u00e1rtires nos s\u00e9culos XVIII e XIX .<br \/>\n&#8220;Viver o esp\u00edrito dos m\u00e1rtires&#8221;<br \/>\nViver como testemunhas de Deus e do Evangelho \u00e9 o prop\u00f3sito deste Jubileu especial. Foi classificou e assim foi destacado pelo Presidente da Confer\u00eancia Episcopal, Joseph Nguyen Chi Linh. Em outras palavras, \u00e9 um convite para &#8220;Viver o esp\u00edrito dos m\u00e1rtires&#8221;.<br \/>\nFoi por isso que Dom Joseph Nguyen Chi Linh encorajou a popula\u00e7\u00e3o a &#8220;visitar as pessoas em dificuldades, doentes, presos, idosos, solit\u00e1rios, pessoas com necessidades especiais, como parte de uma peregrina\u00e7\u00e3o a Cristo&#8221;.<br \/>\nGrande grupo de m\u00e1rtires, pequena parte de perseguidos<\/p>\n<p>Oito bispos, cinquenta sacerdotes e cinquenta e nove leigos (entre eles tamb\u00e9m uma m\u00e3e) que foram mortos por \u00f3dio \u00e0 F\u00e9 (&#8220;odium fidei&#8221;), representam um grande grupo de m\u00e1rtires mas, ao mesmo tempo, apenas uma pequena parte dos crist\u00e3os perseguidos e mortos em tr\u00eas s\u00e9culos da hist\u00f3ria!<br \/>\nO cristianismo chegou ao Vietnam no s\u00e9culo XVI e com ele iniciou-se a repress\u00e3o, a persegui\u00e7\u00e3o a morte daqueles que seguiam Jesus Cristo. Come\u00e7ou e n\u00e3o parou instigado por decretos assinados de tempos em tempos por senhores ou reis.<br \/>\nA mais cruel e sanguin\u00e1ria das persegui\u00e7\u00f5es aos cat\u00f3licos chegou com a \u00faltima dinastia imperial Nguy?n (1802-1945). Nela eclodiu o massacre que foi de uma ferocidade sem precedentes: mais de 300 mil cat\u00f3licos foram exterminados.<br \/>\nAinda hoje a Igreja sofre persegui\u00e7\u00f5es no Vietnam.<br \/>\nMas ela continua a extrair sua for\u00e7a daquela &#8220;pureza&#8221; da qual, no dia 19 de junho de 1988, S\u00e3o Jo\u00e3o Paulo II se referiu:<br \/>\n&#8220;A tradi\u00e7\u00e3o de voc\u00eas nos recorda que a hist\u00f3ria do mart\u00edrio da Igreja vietnamita desde suas origens \u00e9 muito mais ampla e complexa.<br \/>\nA partir de 1533, isto \u00e9, do in\u00edcio da prega\u00e7\u00e3o crist\u00e3 no Sudeste Asi\u00e1tico, a Igreja no Vietnam sofreu, ao longo de tr\u00eas s\u00e9culos, v\u00e1rias persegui\u00e7\u00f5es que se sucederam, com algumas tr\u00e9guas, como as que atingiram a Igreja no Ocidente nos primeiros tr\u00eas s\u00e9culos de vida.<br \/>\nMilhares de crist\u00e3os foram mandados ao mart\u00edrio, e muit\u00edssimos s\u00e3o aqueles que morreram nas montanhas, nas florestas, nos territ\u00f3rios insalubres onde foram exilados&#8221;.<br \/>\nMais uma vez o \u00e9 sangue de m\u00e1rtires, gerando novos crist\u00e3os, ontem, hoje, sempre.( Gaudium Press)<\/p>\n","protected":false},"excerpt":{"rendered":"<p>Quando o Papa Jo\u00e3o Paulo II, no dia 19 de junho de 1988, canonizou 117 Beatos do Vietnam, que foram assassinados por \u00f3dio \u00e0 f\u00e9 entre 1745 e 1862, ele assim se referiu aos novos santos: Aqui est\u00e1 &#8220;a pureza e a for\u00e7a deste extraordin\u00e1rio testemunho&#8221;. 19 de junho de 1988: 30 anos depois&#8230; Neste&nbsp;<\/p>\n<p><a class=\"btn btn-style\" href=\"http:\/\/portalcatolico.net\/portal\/jubileu-recorda-117-martires-do-vietnam\/\">Continue Reading<\/a><\/p>\n","protected":false},"author":2,"featured_media":57080,"comment_status":"open","ping_status":"open","sticky":false,"template":"","format":"standard","meta":{"footnotes":""},"categories":[5],"tags":[],"class_list":["post-57079","post","type-post","status-publish","format-standard","has-post-thumbnail","hentry","category-igreja_no_mundo"],"_links":{"self":[{"href":"http:\/\/portalcatolico.net\/portal\/wp-json\/wp\/v2\/posts\/57079","targetHints":{"allow":["GET"]}}],"collection":[{"href":"http:\/\/portalcatolico.net\/portal\/wp-json\/wp\/v2\/posts"}],"about":[{"href":"http:\/\/portalcatolico.net\/portal\/wp-json\/wp\/v2\/types\/post"}],"author":[{"embeddable":true,"href":"http:\/\/portalcatolico.net\/portal\/wp-json\/wp\/v2\/users\/2"}],"replies":[{"embeddable":true,"href":"http:\/\/portalcatolico.net\/portal\/wp-json\/wp\/v2\/comments?post=57079"}],"version-history":[{"count":1,"href":"http:\/\/portalcatolico.net\/portal\/wp-json\/wp\/v2\/posts\/57079\/revisions"}],"predecessor-version":[{"id":57081,"href":"http:\/\/portalcatolico.net\/portal\/wp-json\/wp\/v2\/posts\/57079\/revisions\/57081"}],"wp:featuredmedia":[{"embeddable":true,"href":"http:\/\/portalcatolico.net\/portal\/wp-json\/wp\/v2\/media\/57080"}],"wp:attachment":[{"href":"http:\/\/portalcatolico.net\/portal\/wp-json\/wp\/v2\/media?parent=57079"}],"wp:term":[{"taxonomy":"category","embeddable":true,"href":"http:\/\/portalcatolico.net\/portal\/wp-json\/wp\/v2\/categories?post=57079"},{"taxonomy":"post_tag","embeddable":true,"href":"http:\/\/portalcatolico.net\/portal\/wp-json\/wp\/v2\/tags?post=57079"}],"curies":[{"name":"wp","href":"https:\/\/api.w.org\/{rel}","templated":true}]}}