{"id":57076,"date":"2018-06-24T19:04:38","date_gmt":"2018-06-24T22:04:38","guid":{"rendered":"http:\/\/portalcatolico.net\/portal\/?p=57076"},"modified":"2018-06-24T19:04:38","modified_gmt":"2018-06-24T22:04:38","slug":"basilica-velha-de-aparecida-completa-130-anos","status":"publish","type":"post","link":"http:\/\/portalcatolico.net\/portal\/basilica-velha-de-aparecida-completa-130-anos\/","title":{"rendered":"Bas\u00edlica Velha de Aparecida completa 130 anos"},"content":{"rendered":"<p>O primeiro Santu\u00e1rio dedicado a Nossa Senhora Aparecida e primeira Bas\u00edlica do Brasil completa 130 anos neste domingo, 24 de junho.<br \/>\nTrata-se da Bas\u00edlica Velha de Nossa Senhora Aparecida, como ficou conhecido o templo, que foi inaugurado em 1888, em cerim\u00f4nia presidida por Dom Lino Deodato Rodrigues de Carvalho, ent\u00e3o Bispo de S\u00e3o Paulo, territ\u00f3rio diocesano que compreendia todo o estado paulista na \u00e9poca.<br \/>\nCinco anos depois, em 1893, a igreja recebeu o t\u00edtulo de Santu\u00e1rio Episcopal e, em 1908, o Vaticano concedeu ao templo o t\u00edtulo de Bas\u00edlica Menor, a primeira igreja no Brasil a receber tal reconhecimento.<br \/>\nEm 1982, o Conselho de Defesa do Patrim\u00f4nio Hist\u00f3rico, Arqueol\u00f3gico, Art\u00edstico e Tur\u00edstico do Estado de S\u00e3o Paulo &#8211; CONDEPHAAT &#8211; declarou o tombamento da igreja, de estilo barroco, como monumento de interesse hist\u00f3rico, religioso e arquitet\u00f4nico.Em 2004, foi iniciada a restaura\u00e7\u00e3o que devolveu as caracter\u00edsticas originais da igreja que tinham se perdido ap\u00f3s interven\u00e7\u00f5es ao longo dos anos. O trabalho minucioso, que durou 11 anos, foi conclu\u00eddo em 2015 sem que a visita\u00e7\u00e3o ao local fosse interrompida.<br \/>\nNestes 130 de acolhida aos devotos de Nossa Senhora Aparecida, a Bas\u00edlica Velha foi destino de cinco presidentes da Rep\u00fablica em exerc\u00edcio, que visitaram o local em ocasi\u00f5es especiais, al\u00e9m da Princesa Isabel, da qual se tem dois registros hist\u00f3ricos de sua visita.<br \/>\nA Bas\u00edlica Velha foi o terceiro local religioso a abrigar a Imagem original de Nossa Senhora Aparecida, encontrada pelos pescadores em 1717.<br \/>\nAntes do in\u00edcio de sua constru\u00e7\u00e3o, havia no mesmo local a chamada Capela do Morro dos Coqueiros, a primeira igreja em honra \u00e0 Virgem Aparecida autorizada pela Igreja Cat\u00f3lica. Mas, este centro de peregrina\u00e7\u00e3o, constru\u00eddo em 1745, com 150 metros quadrados, ficou pequeno para o volumoso n\u00famero de devotos que j\u00e1 visitavam a imagem de Nossa Senhora no s\u00e9culo XVIII.<br \/>\nEnt\u00e3o, em 1834, a pequena capela passou por reformas e adapta\u00e7\u00f5es e, em 1878, passou a adquirir a arquitetura que a Bas\u00edlica Velha mant\u00e9m hoje. A inaugura\u00e7\u00e3o da igreja nova aconteceu 10 anos depois.<br \/>\nAntes disso, um primeiro orat\u00f3rio havia sido constru\u00eddo pelos pescadores, \u00e0s margens do Rio Para\u00edba do Sul e abrigou a Imagem at\u00e9 a constru\u00e7\u00e3o da Capela do Morro dos Coqueiros em 1745.(ACI Digital)<\/p>\n<p>Bas\u00edlica Velha de Nossa Senhora Aparecida. Foto: Thiago Leon \/ Portal A12<\/p>\n","protected":false},"excerpt":{"rendered":"<p>O primeiro Santu\u00e1rio dedicado a Nossa Senhora Aparecida e primeira Bas\u00edlica do Brasil completa 130 anos neste domingo, 24 de junho. Trata-se da Bas\u00edlica Velha de Nossa Senhora Aparecida, como ficou conhecido o templo, que foi inaugurado em 1888, em cerim\u00f4nia presidida por Dom Lino Deodato Rodrigues de Carvalho, ent\u00e3o Bispo de S\u00e3o Paulo, territ\u00f3rio&nbsp;<\/p>\n<p><a class=\"btn btn-style\" href=\"http:\/\/portalcatolico.net\/portal\/basilica-velha-de-aparecida-completa-130-anos\/\">Continue Reading<\/a><\/p>\n","protected":false},"author":2,"featured_media":57077,"comment_status":"open","ping_status":"open","sticky":false,"template":"","format":"standard","meta":{"footnotes":""},"categories":[3],"tags":[],"class_list":["post-57076","post","type-post","status-publish","format-standard","has-post-thumbnail","hentry","category-noticias_regionais"],"_links":{"self":[{"href":"http:\/\/portalcatolico.net\/portal\/wp-json\/wp\/v2\/posts\/57076","targetHints":{"allow":["GET"]}}],"collection":[{"href":"http:\/\/portalcatolico.net\/portal\/wp-json\/wp\/v2\/posts"}],"about":[{"href":"http:\/\/portalcatolico.net\/portal\/wp-json\/wp\/v2\/types\/post"}],"author":[{"embeddable":true,"href":"http:\/\/portalcatolico.net\/portal\/wp-json\/wp\/v2\/users\/2"}],"replies":[{"embeddable":true,"href":"http:\/\/portalcatolico.net\/portal\/wp-json\/wp\/v2\/comments?post=57076"}],"version-history":[{"count":1,"href":"http:\/\/portalcatolico.net\/portal\/wp-json\/wp\/v2\/posts\/57076\/revisions"}],"predecessor-version":[{"id":57078,"href":"http:\/\/portalcatolico.net\/portal\/wp-json\/wp\/v2\/posts\/57076\/revisions\/57078"}],"wp:featuredmedia":[{"embeddable":true,"href":"http:\/\/portalcatolico.net\/portal\/wp-json\/wp\/v2\/media\/57077"}],"wp:attachment":[{"href":"http:\/\/portalcatolico.net\/portal\/wp-json\/wp\/v2\/media?parent=57076"}],"wp:term":[{"taxonomy":"category","embeddable":true,"href":"http:\/\/portalcatolico.net\/portal\/wp-json\/wp\/v2\/categories?post=57076"},{"taxonomy":"post_tag","embeddable":true,"href":"http:\/\/portalcatolico.net\/portal\/wp-json\/wp\/v2\/tags?post=57076"}],"curies":[{"name":"wp","href":"https:\/\/api.w.org\/{rel}","templated":true}]}}