{"id":57073,"date":"2018-06-23T18:40:44","date_gmt":"2018-06-23T21:40:44","guid":{"rendered":"http:\/\/portalcatolico.net\/portal\/?p=57073"},"modified":"2018-06-23T18:40:44","modified_gmt":"2018-06-23T21:40:44","slug":"paroquia-sao-pedro-celebra-a-festa-do-padroeiro-no-ano-do-laicato","status":"publish","type":"post","link":"http:\/\/portalcatolico.net\/portal\/paroquia-sao-pedro-celebra-a-festa-do-padroeiro-no-ano-do-laicato\/","title":{"rendered":"Par\u00f3quia S\u00e3o Pedro celebra a festa do padroeiro no Ano do Laicato"},"content":{"rendered":"<p>\u2018Pedro, nosso pastor e guia\u2019. Com base neste tema, a Par\u00f3quia S\u00e3o Pedro, localizada na&nbsp;Pra\u00e7a da Piedade, 11, promover\u00e1, dos dias 26 a 29 de junho, programa\u00e7\u00e3o festiva em louvor a seu padroeiro. Nos dias 26, 27 e 28, \u00e0s 11h, ocorrer\u00e1 o tr\u00edduo preparat\u00f3rio. No dia 29 \u2013 que \u00e9 consagrado aos ap\u00f3stolos S\u00e3o Pedro e S\u00e3o Paulo \u2013, ser\u00e3o celebradas oito Missas, sendo sete na Igreja Matriz e a Missa Solene campal, em frente ao templo, presidida pelo Arcebispo de Salvador e Primaz do Brasil, Dom Murilo Krieger. Neste dia haver\u00e1, tamb\u00e9m, uma prociss\u00e3o que percorrer\u00e1 algumas ruas do centro de Salvador, com os devotos levando o andor de S\u00e3o Pedro e uma longa rede, lembrando o Pedro pescador do mar da Galileia que se transformou em Pedro pescador de irm\u00e3os para o Cristianismo.<\/p>\n<p>\u201cEstamos vivendo o Ano Nacional do Laicato, quando a Igreja conclama os crist\u00e3os leigos e leigas a serem&nbsp;<em>sal da terra e luz do mundo&nbsp;<\/em>(Mt 5,13-14). Nessa caminhada, podemo-nos inspirar em Pedro, que viveu como um crist\u00e3o exemplar e \u00e9 para n\u00f3s um modelo universal de identidade crist\u00e3\u201d, afirma o p\u00e1roco da Par\u00f3quia S\u00e3o Pedro, padre Aderbal Galv\u00e3o de Sousa. \u201cMas ele n\u00e3o era um homem pronto como podemos supor. Pedro tinha uma personalidade marcante, mas cheia de contrastes; era generoso e sens\u00edvel, mas impulsivo e sem discernimento. Mas estava sempre disposto a&nbsp;&nbsp;mudar e a acertar, inclusive quando negou Cristo por tr\u00eas vezes e se arrependeu profundamente. Sua humildade o fez suplantar seus defeitos e limita\u00e7\u00f5es para ser uma testemunha da f\u00e9 e do Evangelho \u2013 como deve ser todo crist\u00e3o \u2013 e o fundador da Igreja de Roma e o primeiro Papa\u201d, destaca padre Aderbal.&nbsp;&nbsp;&nbsp;&nbsp;&nbsp;&nbsp;<\/p>\n<p>O tr\u00edduo preparat\u00f3rio ser\u00e1 realizado nos dias 26, 27 e 28 (ter\u00e7a, quarta e quinta), na Igreja Matriz de S\u00e3o Pedro, \u00e0s 11h. \u201cSer\u00e3o tr\u00eas dias de ora\u00e7\u00e3o, de escuta da Palavra de Deus e de prepara\u00e7\u00e3o para fazermos da comemora\u00e7\u00e3o de S\u00e3o Pedro n\u00e3o apenas uma festa do padroeiro, mas a celebra\u00e7\u00e3o de um grande santo que intercede por n\u00f3s&nbsp;e, com seu testemunho, inspira-nos a sermos verdadeiros ap\u00f3stolos e mission\u00e1rios\u201d, frisa o p\u00e1roco.&nbsp;&nbsp;Na ter\u00e7a, ser\u00e1 enfocado o subtema \u2018Pedro, homem sempre pronto a mudar\u2019, sob a responsabilidade da comunidade da Igreja Nossa Senhora do Ros\u00e1rio. Na quarta, a comunidade da Igreja Nossa Senhora da Concei\u00e7\u00e3o da Lapa abordar\u00e1 o subtema \u2018Pedro, homem de muitas convers\u00f5es\u2019; na quinta, a comunidade da Igreja de S\u00e3o Pedro discorrer\u00e1 sobre o subtema \u2018Pedro, homem em busca de conhecimento e mudan\u00e7a\u2019. &nbsp;<\/p>\n<p>A primeira Missa do dia festivo (29) ser\u00e1 \u00e0s 7h na inten\u00e7\u00e3o do Papa. A segunda Missa ser\u00e1 \u00e0s 8h pelos aniversariantes da par\u00f3quia, comerciantes, comerci\u00e1rios e vendedores ambulantes. A Celebra\u00e7\u00e3o Eucar\u00edstica das 9h ser\u00e1 pelos vi\u00favos e vi\u00favas; a das 11h, pelas comunidades religiosas da par\u00f3quia; e a das 12h30, pelas pessoas com o nome Pedro. A Missa das 14h ser\u00e1 na inten\u00e7\u00e3o dos movimentos, minist\u00e9rios e pastorais da par\u00f3quia; e a das 15h, pelos idosos e doentes. Ap\u00f3s a Missa das 15h, por volta das 16h, sair\u00e1 a prociss\u00e3o da porta da Igreja Matriz que percorrer\u00e1 as ruas Direita da Piedade, Politeama de Baixo, Forte de S\u00e3o Pedro, Avenida 7 de Setembro, retornando \u00e0 Igreja de S\u00e3o Pedro. \u00c0s 17h, ser\u00e1 celebrada a Missa campal, em frente \u00e0 Igreja Matriz de S\u00e3o Pedro.<\/p>\n<p>Por: Assessoria de Comunica\u00e7\u00e3o\/Arquidiocese de Salvador<\/p>\n<h1>&nbsp;<\/h1>\n<p>&nbsp;<\/p>\n","protected":false},"excerpt":{"rendered":"<p>\u2018Pedro, nosso pastor e guia\u2019. Com base neste tema, a Par\u00f3quia S\u00e3o Pedro, localizada na&nbsp;Pra\u00e7a da Piedade, 11, promover\u00e1, dos dias 26 a 29 de junho, programa\u00e7\u00e3o festiva em louvor a seu padroeiro. Nos dias 26, 27 e 28, \u00e0s 11h, ocorrer\u00e1 o tr\u00edduo preparat\u00f3rio. No dia 29 \u2013 que \u00e9 consagrado aos ap\u00f3stolos S\u00e3o&nbsp;<\/p>\n<p><a class=\"btn btn-style\" href=\"http:\/\/portalcatolico.net\/portal\/paroquia-sao-pedro-celebra-a-festa-do-padroeiro-no-ano-do-laicato\/\">Continue Reading<\/a><\/p>\n","protected":false},"author":2,"featured_media":57074,"comment_status":"open","ping_status":"open","sticky":false,"template":"","format":"standard","meta":{"footnotes":""},"categories":[3],"tags":[],"class_list":["post-57073","post","type-post","status-publish","format-standard","has-post-thumbnail","hentry","category-noticias_regionais"],"_links":{"self":[{"href":"http:\/\/portalcatolico.net\/portal\/wp-json\/wp\/v2\/posts\/57073","targetHints":{"allow":["GET"]}}],"collection":[{"href":"http:\/\/portalcatolico.net\/portal\/wp-json\/wp\/v2\/posts"}],"about":[{"href":"http:\/\/portalcatolico.net\/portal\/wp-json\/wp\/v2\/types\/post"}],"author":[{"embeddable":true,"href":"http:\/\/portalcatolico.net\/portal\/wp-json\/wp\/v2\/users\/2"}],"replies":[{"embeddable":true,"href":"http:\/\/portalcatolico.net\/portal\/wp-json\/wp\/v2\/comments?post=57073"}],"version-history":[{"count":1,"href":"http:\/\/portalcatolico.net\/portal\/wp-json\/wp\/v2\/posts\/57073\/revisions"}],"predecessor-version":[{"id":57075,"href":"http:\/\/portalcatolico.net\/portal\/wp-json\/wp\/v2\/posts\/57073\/revisions\/57075"}],"wp:featuredmedia":[{"embeddable":true,"href":"http:\/\/portalcatolico.net\/portal\/wp-json\/wp\/v2\/media\/57074"}],"wp:attachment":[{"href":"http:\/\/portalcatolico.net\/portal\/wp-json\/wp\/v2\/media?parent=57073"}],"wp:term":[{"taxonomy":"category","embeddable":true,"href":"http:\/\/portalcatolico.net\/portal\/wp-json\/wp\/v2\/categories?post=57073"},{"taxonomy":"post_tag","embeddable":true,"href":"http:\/\/portalcatolico.net\/portal\/wp-json\/wp\/v2\/tags?post=57073"}],"curies":[{"name":"wp","href":"https:\/\/api.w.org\/{rel}","templated":true}]}}