{"id":57069,"date":"2018-06-22T18:32:27","date_gmt":"2018-06-22T21:32:27","guid":{"rendered":"http:\/\/portalcatolico.net\/portal\/?p=57069"},"modified":"2018-06-22T18:45:23","modified_gmt":"2018-06-22T21:45:23","slug":"fatima-nao-e-apenas-uma-historia-que-guardamos-como-trofeu-expressa-dom-mart","status":"publish","type":"post","link":"http:\/\/portalcatolico.net\/portal\/fatima-nao-e-apenas-uma-historia-que-guardamos-como-trofeu-expressa-dom-mart\/","title":{"rendered":"F\u00e1tima n\u00e3o \u00e9 apenas uma hist\u00f3ria que guardamos como trof\u00e9u, expressa Dom Marto"},"content":{"rendered":"<p>Ao refletir sobre o sentido de F\u00e1tima na atualidade, o Bispo de Leiria-F\u00e1tima, Dom Ant\u00f3nio Marto, ressaltou que n\u00e3o se trata de \u201cuma simples hist\u00f3ria datada que guardamos como trof\u00e9u no esp\u00f3lio da mem\u00f3ria da&nbsp;igreja\u201d, mas seu significado ainda hoje ajuda a encarnar o Evangelho na humanidade.<\/p>\n<p>\u201cComo dom de Deus, F\u00e1tima oferece-nos uma mistagogia para o cora\u00e7\u00e3o da boa nova, uma pedagogia da f\u00e9 que incarna em cada tempo para trazer esperan\u00e7a \u00e0&nbsp;vida&nbsp;do crente e uma profecia que traz luz transcendente para a vis\u00e3o da hist\u00f3ria e da condi\u00e7\u00e3o humana\u201d, expressou o Prelado durante a abertura do Simp\u00f3sio Teol\u00f3gico- Pastoral \u201cF\u00e1tima hoje: que sentido?\u201d.<\/p>\n<p>O evento teve in\u00edcio nesta sexta-feira no Santu\u00e1rio da Cova da Iria e segue at\u00e9 domingo, com o objetivo de procurar novas maneiras de dizer F\u00e1tima no mundo contempor\u00e2neo e definir chaves de leitura significativas para a humanidade do s\u00e9culo XXI.<\/p>\n<p>\u201cSe F\u00e1tima n\u00e3o diz outra palavra que a do evangelho, n\u00e3o podemos sen\u00e3o questionar sobre o seu sentido hoje como quem pergunta sobre a encarna\u00e7\u00e3o do Reino de Deus no hoje da nossa hist\u00f3ria\u201d, ressaltou o Bispo, segundo o site do Santu\u00e1rio de F\u00e1tima.<\/p>\n<p>Para Dom Ant\u00f3nio Marto, que ser\u00e1 criado Cardeal pelo Papa Francisco no pr\u00f3ximo dia 28 de junho, sendo um dom de Deus, F\u00e1tima \u00e9 tamb\u00e9m \u201cresponsabilidade eclesial\u201d e, por isso, a igreja deve \u201cescutar, questionar, deixar-se interpelar e levar ao mundo\u201d.<\/p>\n<p>\u201cO seu sentido hoje h\u00e1 de ser procurado nos lugares das fragilidades humanas, nos muros que demarcam as fronteiras f\u00edsicas e espirituais do desespero, nas modernas torres de babel que constru\u00edmos para divinizar a vontade pessoal, nos barcos que povoam os mediterr\u00e2neos dos nossos tempos navegando a nossa falta de hospitalidade e a insensibilidade das nossas vidas acomodadas\u201d, declarou.<\/p>\n<p>Al\u00e9m disso, acrescentou que \u201co sentido de F\u00e1tima continua a se encontrar, sobretudo, nos gestos simples de uma igreja que pretende ser fiel ao Evangelho de Cristo pela proximidade, pela hospitalidade, pelo cuidado, pela miseric\u00f3rdia com que se diz o Reino dos C\u00e9us\u201d.<\/p>\n<p>Segundo o Prelado, \u201cem cada periferia em que a igreja resgata o humano da exclus\u00e3o e se oferece como hospital de campanha, encarna o esp\u00edrito deste acontecimento evang\u00e9lico que \u00e9 F\u00e1tima\u201d.<\/p>\n<p>Dom Ant\u00f3nio Marto recordou o centen\u00e1rio das apari\u00e7\u00f5es da Virgem na Cova da Iria, celebrado no ano passado, quando \u201cmilh\u00f5es de peregrinos, vindos de todos os cantos da terra\u201d, \u201ctrouxeram o colorido da sua identidade e da sua f\u00e9\u201d.<\/p>\n<p>Depois dessa acontecimento, indicou, F\u00e1tima \u201ccontinua a ecoar uma palavra de sentido neste nosso tempo quantas vezes entorpecido na sua busca de sentido\u201d.<\/p>\n<p>Assim, \u201cquestionar o sentido de F\u00e1tima hoje significa, desde logo, tomar consci\u00eancia desta multid\u00e3o que n\u00e3o para de crescer e que reconhece em F\u00e1tima um marco na geografia da f\u00e9 onde todos t\u00eam voz e vez\u201d.<\/p>\n<p>Nesse sentido, concluiu, \u201cquestionar o sentido de F\u00e1tima h\u00e1 de conduzir-nos \u00e0 atitude adotada pelo Santu\u00e1rio como lema deste ano pastoral: dar gra\u00e7as pelo dom de F\u00e1tima\u201d.<\/p>\n<p>\u201cDamos gra\u00e7as como quem compreende neste dom um desafio teol\u00f3gico e se compromete pastoralmente com a sua praxis, nomeadamente a praxis reparadora, no seu sentido mais profundo e global, isto \u00e9, de colabora\u00e7\u00e3o no amor misericordioso e reparador de Deus, para inverter a dire\u00e7\u00e3o da hist\u00f3ria vencendo a espiral diab\u00f3lica do mal, da viol\u00eancia e da guerra\u201d, finalizou.(ACI Digital)<\/p>\n<p>Por Rafael Tavares<\/p>\n<p>Foto: Santu\u00e1rio de F\u00e1tima<\/p>\n","protected":false},"excerpt":{"rendered":"<p>Ao refletir sobre o sentido de F\u00e1tima na atualidade, o Bispo de Leiria-F\u00e1tima, Dom Ant\u00f3nio Marto, ressaltou que n\u00e3o se trata de \u201cuma simples hist\u00f3ria datada que guardamos como trof\u00e9u no esp\u00f3lio da mem\u00f3ria da&nbsp;igreja\u201d, mas seu significado ainda hoje ajuda a encarnar o Evangelho na humanidade. \u201cComo dom de Deus, F\u00e1tima oferece-nos uma mistagogia&nbsp;<\/p>\n<p><a class=\"btn btn-style\" href=\"http:\/\/portalcatolico.net\/portal\/fatima-nao-e-apenas-uma-historia-que-guardamos-como-trofeu-expressa-dom-mart\/\">Continue Reading<\/a><\/p>\n","protected":false},"author":2,"featured_media":57070,"comment_status":"open","ping_status":"open","sticky":false,"template":"","format":"standard","meta":{"footnotes":""},"categories":[68],"tags":[],"class_list":["post-57069","post","type-post","status-publish","format-standard","has-post-thumbnail","hentry","category-homilias"],"_links":{"self":[{"href":"http:\/\/portalcatolico.net\/portal\/wp-json\/wp\/v2\/posts\/57069","targetHints":{"allow":["GET"]}}],"collection":[{"href":"http:\/\/portalcatolico.net\/portal\/wp-json\/wp\/v2\/posts"}],"about":[{"href":"http:\/\/portalcatolico.net\/portal\/wp-json\/wp\/v2\/types\/post"}],"author":[{"embeddable":true,"href":"http:\/\/portalcatolico.net\/portal\/wp-json\/wp\/v2\/users\/2"}],"replies":[{"embeddable":true,"href":"http:\/\/portalcatolico.net\/portal\/wp-json\/wp\/v2\/comments?post=57069"}],"version-history":[{"count":2,"href":"http:\/\/portalcatolico.net\/portal\/wp-json\/wp\/v2\/posts\/57069\/revisions"}],"predecessor-version":[{"id":57072,"href":"http:\/\/portalcatolico.net\/portal\/wp-json\/wp\/v2\/posts\/57069\/revisions\/57072"}],"wp:featuredmedia":[{"embeddable":true,"href":"http:\/\/portalcatolico.net\/portal\/wp-json\/wp\/v2\/media\/57070"}],"wp:attachment":[{"href":"http:\/\/portalcatolico.net\/portal\/wp-json\/wp\/v2\/media?parent=57069"}],"wp:term":[{"taxonomy":"category","embeddable":true,"href":"http:\/\/portalcatolico.net\/portal\/wp-json\/wp\/v2\/categories?post=57069"},{"taxonomy":"post_tag","embeddable":true,"href":"http:\/\/portalcatolico.net\/portal\/wp-json\/wp\/v2\/tags?post=57069"}],"curies":[{"name":"wp","href":"https:\/\/api.w.org\/{rel}","templated":true}]}}