{"id":57066,"date":"2018-06-21T21:18:17","date_gmt":"2018-06-22T00:18:17","guid":{"rendered":"http:\/\/portalcatolico.net\/portal\/?p=57066"},"modified":"2018-06-21T21:19:17","modified_gmt":"2018-06-22T00:19:17","slug":"dom-gilson-representara-a-igreja-no-brasil-durante-a-xv-assembleia-geral-ordinaria-do-sinodo-dos-bispos","status":"publish","type":"post","link":"http:\/\/portalcatolico.net\/portal\/dom-gilson-representara-a-igreja-no-brasil-durante-a-xv-assembleia-geral-ordinaria-do-sinodo-dos-bispos\/","title":{"rendered":"Dom Gilson representar\u00e1 a Igreja no Brasil durante a XV Assembleia Geral Ordin\u00e1ria do S\u00ednodo dos Bispos"},"content":{"rendered":"<p>O bispo auxiliar da Arquidiocese de Salvador, Dom Gilson Andrade da Silva, est\u00e1 na lista de membros e suplentes eleitos&nbsp; para a XV Assembleia Geral Ordin\u00e1ria do S\u00ednodo dos Bispos, que acontecer\u00e1 em Roma, de 4 a 25 de outubro de 2018, com o tema \u201cOs jovens, a f\u00e9 e o discernimento vocacional\u201d.<\/p>\n<p>A divulga\u00e7\u00e3o desta lista foi realizada na manh\u00e3 de hoje (21) pelo Arcebispo de Bras\u00edlia e presidente da Confer\u00eancia Nacional dos Bispos do Brasil (CNBB), cardeal Dom Sergio da Rocha, durante reuni\u00e3o do Conselho Permanente.&nbsp;Os representantes do episcopado brasileiro foram escolhidos durante a 56\u00aa Assembleia Geral dos Bispos , realizada em Aparecida (SP), de 11 a 20 de abril deste ano. S\u00e3o quatro membros e dois suplentes escolhidos para representar o Brasil na Assembleia Sinodal.<\/p>\n<p>Os membros titulares s\u00e3o Dom Vilson Basso, bispo de Imperatriz (MA) e presidente da Comiss\u00e3o Episcopal Pastoral para a Juventude; Dom Eduardo Pinheiro da Silva, bispo de Jaboticabal (SP), que j\u00e1 foi presidente da Comiss\u00e3o Episcopal Pastoral para a Juventude da CNBB, no per\u00edodo de 2011 a 2015; Dom Jaime Spengler, Arcebispo de Porto Alegre (RS) e presidente para a Comiss\u00e3o Episcopal para os Minist\u00e9rio Ordenados e a Vida Consagrada. Dom Jaime coordenou o processo de elabora\u00e7\u00e3o do documento sobre a forma\u00e7\u00e3o sacerdotal aprovado na 56\u00aa Assembleia Geral da CNBB. O quarto membro \u00e9 o bispo auxiliar da Arquidiocese de Salvador, Dom Gilson Andrade da Silva, que exerce a fun\u00e7\u00e3o de bispo referencial dos Minist\u00e9rios e Voca\u00e7\u00f5es no Nordeste3.<\/p>\n<p>O cardeal Sergio da Rocha foi nomeado pelo Papa Francisco como relator geral deste s\u00ednodo em novembro do ano passado. A figura do relator geral tem um papel de mediador, sendo respons\u00e1vel por introduzir e sintetizar os assuntos expostos pelos bispos durante a reuni\u00e3o do s\u00ednodo.<\/p>\n<p><strong>Instrumento laboris<\/strong>&nbsp;\u2013 Ainda comemorando o lan\u00e7amento do Plano IDE, com os cinco projetos de evangeliza\u00e7\u00e3o da juventude no Brasil, apresentado na reuni\u00e3o do Conselho Permanente da CNBB, e tendo em m\u00e3os o Instrumento Laboris do S\u00ednodo, dom Vilson destacou a forma como est\u00e1 organizado o documento de trabalho da XV Assembleia Geral. \u201cAcabamos de receber o documento \u2018Os jovens a f\u00e9 e o discernimento vocacional\u2019. Ele tem tr\u00eas palavras especiais: reconhecer a realidade juvenil; interpretar, a partir de Jesus Cristo, da palavra e do magist\u00e9rio; e a escolher o caminho a trilhar\u201d, disse.<\/p>\n<p>O presidente da Comiss\u00e3o Episcopal Pastoral para a Juventude tem a expectativa de que muita coisa bonita seja constru\u00edda a partir deste S\u00ednodo que vem para animar e iluminar a evangeliza\u00e7\u00e3o da juventude em todo o pa\u00eds e no mundo.<\/p>\n<p>Para o arcebispo de Porto Alegre (RS) e presidente da Comiss\u00e3o para Minist\u00e9rios Ordenados e a Vida Consagrada, Dom Jaime Spengler, este S\u00ednodo tem um grande desafio de neste contexto de mudan\u00e7a de \u00e9poca apontar caminhos que ajudem a juventude no seu discernimento vocacional e amadurecimento na f\u00e9. Dom Jaime destaca a participa\u00e7\u00e3o da juventude no processo do S\u00ednodo que, segundo ele, reflete-se no documento preparat\u00f3rio.<\/p>\n<p>O primeiro suplente \u00e9 o Arcebispo coadjutor de Montes Claros (MG), dom Jo\u00e3o Justino de Medeiros, presidente da Comiss\u00e3o Episcopal Pastoral para a Educa\u00e7\u00e3o e Cultura; o segundo suplente \u00e9 o bispo auxiliar de Bel\u00e9m (PA), dom Ant\u00f4nio de Assis Ribeiro.<\/p>\n<p>Com informa\u00e7\u00f5es da CNBB<\/p>\n","protected":false},"excerpt":{"rendered":"<p>O bispo auxiliar da Arquidiocese de Salvador, Dom Gilson Andrade da Silva, est\u00e1 na lista de membros e suplentes eleitos&nbsp; para a XV Assembleia Geral Ordin\u00e1ria do S\u00ednodo dos Bispos, que acontecer\u00e1 em Roma, de 4 a 25 de outubro de 2018, com o tema \u201cOs jovens, a f\u00e9 e o discernimento vocacional\u201d. A divulga\u00e7\u00e3o&nbsp;<\/p>\n<p><a class=\"btn btn-style\" href=\"http:\/\/portalcatolico.net\/portal\/dom-gilson-representara-a-igreja-no-brasil-durante-a-xv-assembleia-geral-ordinaria-do-sinodo-dos-bispos\/\">Continue Reading<\/a><\/p>\n","protected":false},"author":2,"featured_media":57067,"comment_status":"open","ping_status":"open","sticky":false,"template":"","format":"standard","meta":{"footnotes":""},"categories":[4],"tags":[],"class_list":["post-57066","post","type-post","status-publish","format-standard","has-post-thumbnail","hentry","category-destaques"],"_links":{"self":[{"href":"http:\/\/portalcatolico.net\/portal\/wp-json\/wp\/v2\/posts\/57066","targetHints":{"allow":["GET"]}}],"collection":[{"href":"http:\/\/portalcatolico.net\/portal\/wp-json\/wp\/v2\/posts"}],"about":[{"href":"http:\/\/portalcatolico.net\/portal\/wp-json\/wp\/v2\/types\/post"}],"author":[{"embeddable":true,"href":"http:\/\/portalcatolico.net\/portal\/wp-json\/wp\/v2\/users\/2"}],"replies":[{"embeddable":true,"href":"http:\/\/portalcatolico.net\/portal\/wp-json\/wp\/v2\/comments?post=57066"}],"version-history":[{"count":1,"href":"http:\/\/portalcatolico.net\/portal\/wp-json\/wp\/v2\/posts\/57066\/revisions"}],"predecessor-version":[{"id":57068,"href":"http:\/\/portalcatolico.net\/portal\/wp-json\/wp\/v2\/posts\/57066\/revisions\/57068"}],"wp:featuredmedia":[{"embeddable":true,"href":"http:\/\/portalcatolico.net\/portal\/wp-json\/wp\/v2\/media\/57067"}],"wp:attachment":[{"href":"http:\/\/portalcatolico.net\/portal\/wp-json\/wp\/v2\/media?parent=57066"}],"wp:term":[{"taxonomy":"category","embeddable":true,"href":"http:\/\/portalcatolico.net\/portal\/wp-json\/wp\/v2\/categories?post=57066"},{"taxonomy":"post_tag","embeddable":true,"href":"http:\/\/portalcatolico.net\/portal\/wp-json\/wp\/v2\/tags?post=57066"}],"curies":[{"name":"wp","href":"https:\/\/api.w.org\/{rel}","templated":true}]}}