{"id":57062,"date":"2018-06-22T20:27:37","date_gmt":"2018-06-22T23:27:37","guid":{"rendered":"http:\/\/portalcatolico.net\/portal\/?p=57062"},"modified":"2018-06-21T20:27:57","modified_gmt":"2018-06-21T23:27:57","slug":"novenario-e-festa-em-honra-a-senhora-santana-acontecera-em-julho-em-buerarema","status":"publish","type":"post","link":"http:\/\/portalcatolico.net\/portal\/novenario-e-festa-em-honra-a-senhora-santana-acontecera-em-julho-em-buerarema\/","title":{"rendered":"Noven\u00e1rio e  festa em honra \u00e0 Senhora Sant&#8217;ana acontecer\u00e1 em julho em Buerarema"},"content":{"rendered":"<p style=\"font-weight: 400;\">Paroquianos de Buerarema (BA) se preparam para celebrar a padroeira da cidade, Senhora Sant&#8217;ana.<\/p>\n<p style=\"font-weight: 400;\">O Noven\u00e1rio em honra \u00e0 santa ter\u00e1 in\u00edcio no dia 17 de julho e terminar\u00e1 no dia 26 do mesmo m\u00eas.<\/p>\n<p style=\"font-weight: 400;\">O evento ir\u00e1 acontecer na igreja matriz (que tem como p\u00e1roco o padre Elessandro Feitosa), com missas todas as noites, a partir das 18h30.<\/p>\n<p style=\"font-weight: 400;\">Logo ap\u00f3s a santa missa, os fieis v\u00e3o poder se confraternizar numa \u00e1rea de lazer no p\u00e1tio da igreja e desfrutar de comidas deliciosas e muita m\u00fasica.<\/p>\n<p style=\"font-weight: 400;\">O tema central da festa \u00e9:&#8221;Senhora Santana exemplo de leiga e servidora na miss\u00e3o de Jesus.&#8221;&nbsp;<\/p>\n<p style=\"font-weight: 400;\">Participe!<\/p>\n","protected":false},"excerpt":{"rendered":"<p>Paroquianos de Buerarema (BA) se preparam para celebrar a padroeira da cidade, Senhora Sant&#8217;ana. O Noven\u00e1rio em honra \u00e0 santa ter\u00e1 in\u00edcio no dia 17 de julho e terminar\u00e1 no dia 26 do mesmo m\u00eas. O evento ir\u00e1 acontecer na igreja matriz (que tem como p\u00e1roco o padre Elessandro Feitosa), com missas todas as noites,&nbsp;<\/p>\n<p><a class=\"btn btn-style\" href=\"http:\/\/portalcatolico.net\/portal\/novenario-e-festa-em-honra-a-senhora-santana-acontecera-em-julho-em-buerarema\/\">Continue Reading<\/a><\/p>\n","protected":false},"author":2,"featured_media":57063,"comment_status":"open","ping_status":"open","sticky":false,"template":"","format":"standard","meta":{"footnotes":""},"categories":[1],"tags":[],"class_list":["post-57062","post","type-post","status-publish","format-standard","has-post-thumbnail","hentry","category-agenda"],"_links":{"self":[{"href":"http:\/\/portalcatolico.net\/portal\/wp-json\/wp\/v2\/posts\/57062","targetHints":{"allow":["GET"]}}],"collection":[{"href":"http:\/\/portalcatolico.net\/portal\/wp-json\/wp\/v2\/posts"}],"about":[{"href":"http:\/\/portalcatolico.net\/portal\/wp-json\/wp\/v2\/types\/post"}],"author":[{"embeddable":true,"href":"http:\/\/portalcatolico.net\/portal\/wp-json\/wp\/v2\/users\/2"}],"replies":[{"embeddable":true,"href":"http:\/\/portalcatolico.net\/portal\/wp-json\/wp\/v2\/comments?post=57062"}],"version-history":[{"count":2,"href":"http:\/\/portalcatolico.net\/portal\/wp-json\/wp\/v2\/posts\/57062\/revisions"}],"predecessor-version":[{"id":57065,"href":"http:\/\/portalcatolico.net\/portal\/wp-json\/wp\/v2\/posts\/57062\/revisions\/57065"}],"wp:featuredmedia":[{"embeddable":true,"href":"http:\/\/portalcatolico.net\/portal\/wp-json\/wp\/v2\/media\/57063"}],"wp:attachment":[{"href":"http:\/\/portalcatolico.net\/portal\/wp-json\/wp\/v2\/media?parent=57062"}],"wp:term":[{"taxonomy":"category","embeddable":true,"href":"http:\/\/portalcatolico.net\/portal\/wp-json\/wp\/v2\/categories?post=57062"},{"taxonomy":"post_tag","embeddable":true,"href":"http:\/\/portalcatolico.net\/portal\/wp-json\/wp\/v2\/tags?post=57062"}],"curies":[{"name":"wp","href":"https:\/\/api.w.org\/{rel}","templated":true}]}}