{"id":57057,"date":"2018-07-05T04:00:40","date_gmt":"2018-07-05T07:00:40","guid":{"rendered":"http:\/\/portalcatolico.net\/portal\/?p=57057"},"modified":"2018-07-05T05:03:43","modified_gmt":"2018-07-05T08:03:43","slug":"vem-ai-o-novenario-e-festa-em-honra-a-santa-maria-goretti","status":"publish","type":"post","link":"http:\/\/portalcatolico.net\/portal\/vem-ai-o-novenario-e-festa-em-honra-a-santa-maria-goretti\/","title":{"rendered":"Vem a\u00ed o Noven\u00e1rio e Festa em honra \u00e0 Santa Maria Goretti"},"content":{"rendered":"<p><em>Os&nbsp; padres Mission\u00e1rios Passionistas&nbsp; da Par\u00f3quia Santa Maria Goretti,&nbsp; na Diocese de Itabuna, no sul da Bahia, convida voc\u00ea e sua fam\u00edlia, para&nbsp; participarem do Noven\u00e1rio e Festa da&nbsp; padroeira do bairro Mangabinha.<br \/>\nCom o&nbsp; tema:&#8221; Chamados \u00e1 santidade no mundo atual.&#8221;<\/em><\/p>\n<p><em>O noven\u00e1rio vai come\u00e7ar, no dia 05 de julho, com o tema &#8220;Chamados \u00e0 santidade no mundo atual.&#8221;, e finalizar\u00e1 dia&nbsp;14 do mesmo m\u00eas.<\/em><\/p>\n<p><em>A reza do ter\u00e7o acontecer\u00e1 todas as&nbsp; noites \u00e0s 18h. A Celebra\u00e7\u00e3o&nbsp;Eucar\u00edstica ser\u00e1 \u00e0s 19h. E logo ap\u00f3s a santa missa, vai ter momento de&nbsp;confraterniza\u00e7\u00e3o com quermesse no p\u00e1tio da par\u00f3quia.<\/em><\/p>\n<p><em>O grande dia festivo (s\u00e1bado, 14) ser\u00e1 composto de prociss\u00e3o luminosa \u00e0s 18h e missa solene \u00e0s 19h.<\/em><\/p>\n<p><em>Participe!<\/em><\/p>\n<p>&nbsp;<\/p>\n","protected":false},"excerpt":{"rendered":"<p>Os&nbsp; padres Mission\u00e1rios Passionistas&nbsp; da Par\u00f3quia Santa Maria Goretti,&nbsp; na Diocese de Itabuna, no sul da Bahia, convida voc\u00ea e sua fam\u00edlia, para&nbsp; participarem do Noven\u00e1rio e Festa da&nbsp; padroeira do bairro Mangabinha. Com o&nbsp; tema:&#8221; Chamados \u00e1 santidade no mundo atual.&#8221; O noven\u00e1rio vai come\u00e7ar, no dia 05 de julho, com o tema &#8220;Chamados&nbsp;<\/p>\n<p><a class=\"btn btn-style\" href=\"http:\/\/portalcatolico.net\/portal\/vem-ai-o-novenario-e-festa-em-honra-a-santa-maria-goretti\/\">Continue Reading<\/a><\/p>\n","protected":false},"author":2,"featured_media":57189,"comment_status":"open","ping_status":"open","sticky":false,"template":"","format":"standard","meta":{"footnotes":""},"categories":[1],"tags":[],"class_list":["post-57057","post","type-post","status-publish","format-standard","has-post-thumbnail","hentry","category-agenda"],"_links":{"self":[{"href":"http:\/\/portalcatolico.net\/portal\/wp-json\/wp\/v2\/posts\/57057","targetHints":{"allow":["GET"]}}],"collection":[{"href":"http:\/\/portalcatolico.net\/portal\/wp-json\/wp\/v2\/posts"}],"about":[{"href":"http:\/\/portalcatolico.net\/portal\/wp-json\/wp\/v2\/types\/post"}],"author":[{"embeddable":true,"href":"http:\/\/portalcatolico.net\/portal\/wp-json\/wp\/v2\/users\/2"}],"replies":[{"embeddable":true,"href":"http:\/\/portalcatolico.net\/portal\/wp-json\/wp\/v2\/comments?post=57057"}],"version-history":[{"count":3,"href":"http:\/\/portalcatolico.net\/portal\/wp-json\/wp\/v2\/posts\/57057\/revisions"}],"predecessor-version":[{"id":57061,"href":"http:\/\/portalcatolico.net\/portal\/wp-json\/wp\/v2\/posts\/57057\/revisions\/57061"}],"wp:featuredmedia":[{"embeddable":true,"href":"http:\/\/portalcatolico.net\/portal\/wp-json\/wp\/v2\/media\/57189"}],"wp:attachment":[{"href":"http:\/\/portalcatolico.net\/portal\/wp-json\/wp\/v2\/media?parent=57057"}],"wp:term":[{"taxonomy":"category","embeddable":true,"href":"http:\/\/portalcatolico.net\/portal\/wp-json\/wp\/v2\/categories?post=57057"},{"taxonomy":"post_tag","embeddable":true,"href":"http:\/\/portalcatolico.net\/portal\/wp-json\/wp\/v2\/tags?post=57057"}],"curies":[{"name":"wp","href":"https:\/\/api.w.org\/{rel}","templated":true}]}}