{"id":57051,"date":"2018-06-21T19:38:25","date_gmt":"2018-06-21T22:38:25","guid":{"rendered":"http:\/\/portalcatolico.net\/portal\/?p=57051"},"modified":"2018-06-21T19:52:12","modified_gmt":"2018-06-21T22:52:12","slug":"21-de-junho-dia-do-seminarista","status":"publish","type":"post","link":"http:\/\/portalcatolico.net\/portal\/21-de-junho-dia-do-seminarista\/","title":{"rendered":"21 de junho: dia do seminarista!"},"content":{"rendered":"<p>Neste dia comemora-se o per\u00edodo do&nbsp;processo de forma\u00e7\u00e3o inicial dos sacerdotes que se d\u00e1 de uma forma bem&nbsp;<br \/>\nespec\u00edfica.<br \/>\n&nbsp; A vida do seminarista perpassa por quatro dimens\u00f5es: espiritual,&nbsp;pastoral, intelectual e humana. Estes aspectos se desdobram no dia a dia&nbsp;por diversas atividades que tem o objetivo de realizar esta forma\u00e7\u00e3o na&nbsp;<br \/>\npr\u00e1tica.<br \/>\n&nbsp; As diversas atividades s\u00e3o as ora\u00e7\u00f5es da liturgia das horas, a missa&nbsp;di\u00e1ria, os estudos nas faculdades de filosofia e teologia, a atividade&nbsp;esportiva semanal, as refei\u00e7\u00f5es em comum, os ensaios do coral, a dire\u00e7\u00e3o&nbsp;<br \/>\nespiritual, as forma\u00e7\u00f5es especificas, a disciplina regrada pelos&nbsp;prefeitos, as atividades pastorais nas par\u00f3quias aos fins de semana,&nbsp;etc.<br \/>\n&nbsp; S\u00e3o muitas as atividades e responsabilidades assumidas ao longo da&nbsp;forma\u00e7\u00e3o no semin\u00e1rio, e em todas, o que se registra \u00e9 a alegria de&nbsp;viver a voca\u00e7\u00e3o sacerdotal neste est\u00e1gio inicial t\u00e3o bem cuidado pela&nbsp;Santa Igreja.<\/p>\n<p>Foto:Arquivo\/Portal Cat\u00f3lico&nbsp;<\/p>\n","protected":false},"excerpt":{"rendered":"<p>Neste dia comemora-se o per\u00edodo do&nbsp;processo de forma\u00e7\u00e3o inicial dos sacerdotes que se d\u00e1 de uma forma bem&nbsp; espec\u00edfica. &nbsp; A vida do seminarista perpassa por quatro dimens\u00f5es: espiritual,&nbsp;pastoral, intelectual e humana. Estes aspectos se desdobram no dia a dia&nbsp;por diversas atividades que tem o objetivo de realizar esta forma\u00e7\u00e3o na&nbsp; pr\u00e1tica. &nbsp; As diversas&nbsp;<\/p>\n<p><a class=\"btn btn-style\" href=\"http:\/\/portalcatolico.net\/portal\/21-de-junho-dia-do-seminarista\/\">Continue Reading<\/a><\/p>\n","protected":false},"author":2,"featured_media":48100,"comment_status":"open","ping_status":"open","sticky":false,"template":"","format":"standard","meta":{"footnotes":""},"categories":[4],"tags":[],"class_list":["post-57051","post","type-post","status-publish","format-standard","has-post-thumbnail","hentry","category-destaques"],"_links":{"self":[{"href":"http:\/\/portalcatolico.net\/portal\/wp-json\/wp\/v2\/posts\/57051","targetHints":{"allow":["GET"]}}],"collection":[{"href":"http:\/\/portalcatolico.net\/portal\/wp-json\/wp\/v2\/posts"}],"about":[{"href":"http:\/\/portalcatolico.net\/portal\/wp-json\/wp\/v2\/types\/post"}],"author":[{"embeddable":true,"href":"http:\/\/portalcatolico.net\/portal\/wp-json\/wp\/v2\/users\/2"}],"replies":[{"embeddable":true,"href":"http:\/\/portalcatolico.net\/portal\/wp-json\/wp\/v2\/comments?post=57051"}],"version-history":[{"count":2,"href":"http:\/\/portalcatolico.net\/portal\/wp-json\/wp\/v2\/posts\/57051\/revisions"}],"predecessor-version":[{"id":57053,"href":"http:\/\/portalcatolico.net\/portal\/wp-json\/wp\/v2\/posts\/57051\/revisions\/57053"}],"wp:featuredmedia":[{"embeddable":true,"href":"http:\/\/portalcatolico.net\/portal\/wp-json\/wp\/v2\/media\/48100"}],"wp:attachment":[{"href":"http:\/\/portalcatolico.net\/portal\/wp-json\/wp\/v2\/media?parent=57051"}],"wp:term":[{"taxonomy":"category","embeddable":true,"href":"http:\/\/portalcatolico.net\/portal\/wp-json\/wp\/v2\/categories?post=57051"},{"taxonomy":"post_tag","embeddable":true,"href":"http:\/\/portalcatolico.net\/portal\/wp-json\/wp\/v2\/tags?post=57051"}],"curies":[{"name":"wp","href":"https:\/\/api.w.org\/{rel}","templated":true}]}}