{"id":57048,"date":"2018-06-21T11:11:25","date_gmt":"2018-06-21T14:11:25","guid":{"rendered":"http:\/\/portalcatolico.net\/portal\/?p=57048"},"modified":"2018-06-21T11:11:25","modified_gmt":"2018-06-21T14:11:25","slug":"assim-foi-a-descoberta-do-cerebro-incorrupto-da-proxima-beata-do-paraguai","status":"publish","type":"post","link":"http:\/\/portalcatolico.net\/portal\/assim-foi-a-descoberta-do-cerebro-incorrupto-da-proxima-beata-do-paraguai\/","title":{"rendered":"Assim foi a descoberta do c\u00e9rebro incorrupto da pr\u00f3xima Beata do Paraguai"},"content":{"rendered":"<p>No dia 23 de junho, o Paraguai celebrar\u00e1 a beatifica\u00e7\u00e3o da Vener\u00e1vel Maria Felicia de Jesus Sacramentado, conhecida como Chiquitunga, em cuja cerim\u00f4nia ser\u00e1 transladada a rel\u00edquia do c\u00e9rebro incorrupto, considerado \u201cum milagre permanente\u201d de Deus.<\/p>\n<p>Chiquitunga, carmelita descal\u00e7a, nasceu em 12 de janeiro de 1925 e morreu em 28 de abril de 1959, aos 34 anos. Seus restos mortais foram enterrados no cemit\u00e9rio La Recoleta, em Assun\u00e7\u00e3o, e cinco d\u00e9cadas depois foram transladados ao mosteiro da congrega\u00e7\u00e3o.<\/p>\n<p>Em 27 de setembro de 2011, a doutora Alba N\u00fa\u00f1ez de Diez P\u00e9rez foi convocada pelas religiosas para limpar os restos da Vener\u00e1vel Chiquitunga.<\/p>\n<p>\u201cRecolhemos todos os ossos e tentamos montar o esqueleto. Tentamos localizar at\u00e9 mesmo os ossos dos dedos. Lavamos cada osso. Quatro irm\u00e3s me ajudaram neste trabalho. Demoramos v\u00e1rios dias\u201d, explicou a Dra. N\u00fa\u00f1ez ao Jornal local \u2018\u00daltima Hora\u2019.<\/p>\n<p>\u201cNa ter\u00e7a-feira, 27, chegou o momento de lavar o cr\u00e2nio. Percebi que dentro dele havia algo que pensamos que era um osso pequeno. Tentamos retir\u00e1-lo e uma das irm\u00e3s me disse que parecia um c\u00e9rebro. Eu disse que isso era imposs\u00edvel, pois \u00e9 a primeira coisa que desaparece depois da morte\u201d, explicou.<\/p>\n<p>\u201cProcuramos um lugar mais iluminado e, ao olhar com a luz do sol, disse: \u2018Meu Deus, \u00e9 o c\u00e9rebro!\u2019. Conseguimos retir\u00e1-lo com seus dois hemisf\u00e9rios e o cerebelo. Encaixava perfeitamente. Algo imposs\u00edvel, uma gra\u00e7a de Deus\u201d, afirmou Dra. N\u00fa\u00f1ez.<\/p>\n<p>A especialista manifestou que as outras partes do corpo estavam em decomposi\u00e7\u00e3o e apenas o c\u00e9rebro estava petrificado e incorrupto. Confirmou com antrop\u00f3logos, an\u00e1tomo-patologistas e \u201ctodos me disseram que n\u00e3o t\u00eam uma experi\u00eancia semelhante, que \u00e9 um milagre. \u00c9 imposs\u00edvel que algo esteja assim sem a gra\u00e7a de Deus\u201d.<\/p>\n<p>O neurocirurgi\u00e3o Elio Marin Sanabria, membro da comiss\u00e3o que analisou o c\u00e9rebro encontrado, disse ao Jornal \u2018\u00daltima Hora\u2019 que o c\u00e9rebro estava petrificado e era do tamanho de uma laranja pequena.<\/p>\n<p>\u201cEra poss\u00edvel identificar perfeitamente o c\u00e9rebro, o cerebelo e o tronco cerebral. Estavam intactos com todas as caracter\u00edsticas fenot\u00edpicas da estrutura anat\u00f4mica e bem identific\u00e1veis. Sua cor era bege\u201d, explicou.<\/p>\n<p>Mar\u00edn assegurou que o c\u00e9rebro \u00e9 a primeira coisa que desaparece ou se degrada quando uma pessoa morre. Por isso \u00e9 muito \u201crara\u201d a conserva\u00e7\u00e3o do c\u00e9rebro da Chiquitunga, tanto pelas causas da sua morte, como pelos anos que passaram, as escassas t\u00e9cnicas de conserva\u00e7\u00e3o dos corpos e a alta temperatura ambiental do Paraguai.<\/p>\n<p>O c\u00e9rebro petrificado junto com os restos de Chiquitunga permaneceram desde 2015 no mausol\u00e9u do convento das Carmelitas Descal\u00e7as, no bairro Carmelita de Assun\u00e7\u00e3o. Em mar\u00e7o de 2018, uma comiss\u00e3o de especialistas do Vaticano fez uma revis\u00e3o exaustiva e posterior conserva\u00e7\u00e3o do c\u00e9rebro.<\/p>\n<p>Em 9 de junho, o postulador geral para a Causa dos Santos Carmelitas ante a Santa S\u00e9, Pe. Romano Gambalunga, e o embaixador paraguaio ante a Santa S\u00e9, Esteban Kriskovich, voltaram ao pa\u00eds com a rel\u00edquia da vener\u00e1vel.<\/p>\n<p>Nessa ocasi\u00e3o, o Arcebispo de Assun\u00e7\u00e3o, Dom Edmundo Valenzuela, disse que a rel\u00edquia do c\u00e9rebro \u00e9 \u201cmotivo de adora\u00e7\u00e3o e louvor a Deus, porque \u00e9 um milagre permanente\u201d.<\/p>\n<p>Junto com o cora\u00e7\u00e3o incorrupto de S\u00e3o Roque Gonz\u00e1lez de Santa Cruz, primeiro santo paraguaio, \u201csomos um pa\u00eds extraordinariamente aben\u00e7oado por Deus\u201d, afirmou.<\/p>\n<p>O Arcebispo de Assun\u00e7\u00e3o confirmou que em 23 de junho a rel\u00edquia estar\u00e1 na cerim\u00f4nia de beatifica\u00e7\u00e3o, que ser\u00e1 presidida pelo Prefeito da Congrega\u00e7\u00e3o para as Causas dos Santos, Cardeal Angelo Amato.<\/p>\n<p>Em seguida, a rel\u00edquia ser\u00e1 transladada ao Santu\u00e1rio da Virgem de Caacup\u00e9, onde o enviado do Papa Francisco celebrar\u00e1 uma&nbsp;Missa&nbsp;para destacar o \u201cmodelo de santidade da mulher paraguaia\u201d.(ACI Digital)<\/p>\n<p>Por Giselle Vargas<\/p>\n<p>Rel\u00edquia do c\u00e9rebro incorrupto da Vener\u00e1vel Maria Felicia de Jesus Sacramentado, Chiquitunga\/ Cr\u00e9dito: Beatifica\u00e7\u00e3o Chiquitunga<\/p>\n","protected":false},"excerpt":{"rendered":"<p>No dia 23 de junho, o Paraguai celebrar\u00e1 a beatifica\u00e7\u00e3o da Vener\u00e1vel Maria Felicia de Jesus Sacramentado, conhecida como Chiquitunga, em cuja cerim\u00f4nia ser\u00e1 transladada a rel\u00edquia do c\u00e9rebro incorrupto, considerado \u201cum milagre permanente\u201d de Deus. Chiquitunga, carmelita descal\u00e7a, nasceu em 12 de janeiro de 1925 e morreu em 28 de abril de 1959, aos&nbsp;<\/p>\n<p><a class=\"btn btn-style\" href=\"http:\/\/portalcatolico.net\/portal\/assim-foi-a-descoberta-do-cerebro-incorrupto-da-proxima-beata-do-paraguai\/\">Continue Reading<\/a><\/p>\n","protected":false},"author":2,"featured_media":57049,"comment_status":"open","ping_status":"open","sticky":false,"template":"","format":"standard","meta":{"footnotes":""},"categories":[5],"tags":[],"class_list":["post-57048","post","type-post","status-publish","format-standard","has-post-thumbnail","hentry","category-igreja_no_mundo"],"_links":{"self":[{"href":"http:\/\/portalcatolico.net\/portal\/wp-json\/wp\/v2\/posts\/57048","targetHints":{"allow":["GET"]}}],"collection":[{"href":"http:\/\/portalcatolico.net\/portal\/wp-json\/wp\/v2\/posts"}],"about":[{"href":"http:\/\/portalcatolico.net\/portal\/wp-json\/wp\/v2\/types\/post"}],"author":[{"embeddable":true,"href":"http:\/\/portalcatolico.net\/portal\/wp-json\/wp\/v2\/users\/2"}],"replies":[{"embeddable":true,"href":"http:\/\/portalcatolico.net\/portal\/wp-json\/wp\/v2\/comments?post=57048"}],"version-history":[{"count":1,"href":"http:\/\/portalcatolico.net\/portal\/wp-json\/wp\/v2\/posts\/57048\/revisions"}],"predecessor-version":[{"id":57050,"href":"http:\/\/portalcatolico.net\/portal\/wp-json\/wp\/v2\/posts\/57048\/revisions\/57050"}],"wp:featuredmedia":[{"embeddable":true,"href":"http:\/\/portalcatolico.net\/portal\/wp-json\/wp\/v2\/media\/57049"}],"wp:attachment":[{"href":"http:\/\/portalcatolico.net\/portal\/wp-json\/wp\/v2\/media?parent=57048"}],"wp:term":[{"taxonomy":"category","embeddable":true,"href":"http:\/\/portalcatolico.net\/portal\/wp-json\/wp\/v2\/categories?post=57048"},{"taxonomy":"post_tag","embeddable":true,"href":"http:\/\/portalcatolico.net\/portal\/wp-json\/wp\/v2\/tags?post=57048"}],"curies":[{"name":"wp","href":"https:\/\/api.w.org\/{rel}","templated":true}]}}