{"id":57045,"date":"2018-06-20T19:13:11","date_gmt":"2018-06-20T22:13:11","guid":{"rendered":"http:\/\/portalcatolico.net\/portal\/?p=57045"},"modified":"2018-06-20T19:13:11","modified_gmt":"2018-06-20T22:13:11","slug":"bispos-definem-o-processo-de-atualizacao-das-diretrizes-gerais-da-acao-evangelizadora-da-igreja-no-brasil","status":"publish","type":"post","link":"http:\/\/portalcatolico.net\/portal\/bispos-definem-o-processo-de-atualizacao-das-diretrizes-gerais-da-acao-evangelizadora-da-igreja-no-brasil\/","title":{"rendered":"Bispos definem o processo de atualiza\u00e7\u00e3o das Diretrizes Gerais da A\u00e7\u00e3o Evangelizadora da Igreja no Brasil"},"content":{"rendered":"<p>Parte da manh\u00e3 do segundo dia de reuni\u00e3o do Conselho Permanente da Confer\u00eancia Nacional dos Bispos do Brasil foi dedicada ao processo a ser desenvolvido para a atualiza\u00e7\u00e3o das Diretrizes Gerais da A\u00e7\u00e3o Evangeliza\u00e7\u00e3o (DGAE). As atuais diretrizes, que compreendem o per\u00edodo de 2015 a 2019, ser\u00e3o atualizadas na 57\u00aa Assembleia Geral dos Bispos, a ser realizada no pr\u00f3ximo ano.<\/p>\n<p>Algumas interven\u00e7\u00f5es vieram no sentido de manter as diretrizes assumidas na Assembleia Geral da CNBB de 2014, quando os prelados decidiram dar continuidade \u00e0s Diretrizes Gerais da A\u00e7\u00e3o Evangelizadora 2011-2015, atualizando-as \u00e0 luz da Exorta\u00e7\u00e3o apost\u00f3lica do Papa Francisco sobre a alegria do Evangelho. A continuidade foi motivada pela necessidade de dar prosseguimento ao processo de aplica\u00e7\u00e3o do Documento de Aparecida, que \u00e9 a principal refer\u00eancia das Diretrizes 2011-2015.<\/p>\n<p>Dom Geremias Steinmetz, arcebispo de Londrina (PR) e vice-presidente do regional Sul 2, defendeu a necessidade de atualizar as diretrizes com o enfoque da atua\u00e7\u00e3o da Igreja na realidade urbana. O bispo disse ser necess\u00e1rio levar em considera\u00e7\u00e3o as reflex\u00f5es produzidas no XIV Intereclesial de CEBs e sobre o Encontro dos Bispos das Metr\u00f3poles. \u201c\u00c9 muito importante que o documento aprofunde a quest\u00e3o das periferias e, sobretudo, do que estamos chamando de \u2018periferias existenciais\u2019. L\u00e1, a Igreja precisa atuar com a caridade e assist\u00eancia aos mais pobres\u201d, disse.<\/p>\n<div id=\"attachment_195856\" class=\"wp-caption alignleft\" style=\"width: 365px;\"><img loading=\"lazy\" decoding=\"async\" class=\"wp-image-195856 \" src=\"http:\/\/www.cnbb.org.br\/wp-content\/uploads\/sites\/32\/2018\/06\/Plen%C3%A1ria-300x200.jpg\" srcset=\"http:\/\/www.cnbb.org.br\/wp-content\/uploads\/sites\/32\/2018\/06\/Plen\u00e1ria-300x200.jpg 300w, http:\/\/www.cnbb.org.br\/wp-content\/uploads\/sites\/32\/2018\/06\/Plen\u00e1ria.jpg 600w\" alt=\"\" width=\"365\" height=\"243\"><\/p>\n<p class=\"wp-caption-text\">Bispos participam de debate das diretrizes. Foto: Assessoria de Imprensa CNBB\/Matheus de Souza<\/p>\n<\/div>\n<p><strong>Eixo aglutinador<\/strong>&nbsp;\u2013 Dom Jo\u00e3o Justino, arcebispo coadjutor de Montes Claros (MG) e presidente da Comiss\u00e3o Episcopal para a Cultura e Educa\u00e7\u00e3o, tamb\u00e9m foi favor\u00e1vel a manter as diretrizes n\u00e3o com a ideia de \u201curg\u00eancias\u201d mas como pilares constantes da a\u00e7\u00e3o evangelizadora da Igreja no Brasil. Para ele, \u00e9 necess\u00e1rio ter um eixo aglutinador de a\u00e7\u00f5es de todos, o que poderia ser \u201ca inicia\u00e7\u00e3o \u00e0 vida crist\u00e3\u201d.<\/p>\n<p>Na avalia\u00e7\u00e3o de dom Vilson Basso, bispo de Imperatriz (MA) e presidente da Comiss\u00e3o Episcopal Pastoral para a Juventude, \u00e9 necess\u00e1rio investir numa nova metodologia de escuta dos destinat\u00e1rios da a\u00e7\u00e3o, a exemplo dos processos de escuta que o Papa Francisco vem fazendo com o processo dos S\u00ednodos.<\/p>\n<p>O arcebispo de Bras\u00edlia e presidente da CNBB, cardeal Sergio da Rocha, lembrou que \u00e9 importante ter em conta que s\u00e3o diretrizes e n\u00e3o um plano. \u201cCabe posteriormente \u00e0s dioceses, organismos e regionais produzirem seus planos pastorais com bases nas diretrizes gerais\u201d, disse. Para ele, \u00e9 importante que a revis\u00e3o seja feita a partir de uma avalia\u00e7\u00e3o \u00e0s Comiss\u00f5es Episcopais da CNBB e dioceses.<\/p>\n<p>Dom Leonardo Steiner, secret\u00e1rio-geral da CNBB e bispo auxiliar de Bras\u00edlia, disse que ser\u00e1 convocada reuni\u00e3o da Equipe Respons\u00e1vel pelo processo de atualiza\u00e7\u00e3o das diretrizes. Esta, com base no material produzido na \u00faltima assembleia geral da CNBB e nesta reuni\u00e3o do Conselho Permanente, produzir\u00e1 uma primeira vers\u00e3o do texto que dever\u00e1 ser apreciada em reuni\u00e3o do Conselho Permanente de mar\u00e7o de 2019, antes da pr\u00f3xima assembleia geral.<\/p>\n<p>Fonte:CNBB<\/p>\n<div class=\"article-main-next-prev\">\n<div class=\"paragraph-row\">\n<div class=\"column6\">&nbsp;<\/div>\n<\/div>\n<\/div>\n","protected":false},"excerpt":{"rendered":"<p>Parte da manh\u00e3 do segundo dia de reuni\u00e3o do Conselho Permanente da Confer\u00eancia Nacional dos Bispos do Brasil foi dedicada ao processo a ser desenvolvido para a atualiza\u00e7\u00e3o das Diretrizes Gerais da A\u00e7\u00e3o Evangeliza\u00e7\u00e3o (DGAE). As atuais diretrizes, que compreendem o per\u00edodo de 2015 a 2019, ser\u00e3o atualizadas na 57\u00aa Assembleia Geral dos Bispos, a&nbsp;<\/p>\n<p><a class=\"btn btn-style\" href=\"http:\/\/portalcatolico.net\/portal\/bispos-definem-o-processo-de-atualizacao-das-diretrizes-gerais-da-acao-evangelizadora-da-igreja-no-brasil\/\">Continue Reading<\/a><\/p>\n","protected":false},"author":2,"featured_media":57046,"comment_status":"open","ping_status":"open","sticky":false,"template":"","format":"standard","meta":{"footnotes":""},"categories":[3],"tags":[],"class_list":["post-57045","post","type-post","status-publish","format-standard","has-post-thumbnail","hentry","category-noticias_regionais"],"_links":{"self":[{"href":"http:\/\/portalcatolico.net\/portal\/wp-json\/wp\/v2\/posts\/57045","targetHints":{"allow":["GET"]}}],"collection":[{"href":"http:\/\/portalcatolico.net\/portal\/wp-json\/wp\/v2\/posts"}],"about":[{"href":"http:\/\/portalcatolico.net\/portal\/wp-json\/wp\/v2\/types\/post"}],"author":[{"embeddable":true,"href":"http:\/\/portalcatolico.net\/portal\/wp-json\/wp\/v2\/users\/2"}],"replies":[{"embeddable":true,"href":"http:\/\/portalcatolico.net\/portal\/wp-json\/wp\/v2\/comments?post=57045"}],"version-history":[{"count":1,"href":"http:\/\/portalcatolico.net\/portal\/wp-json\/wp\/v2\/posts\/57045\/revisions"}],"predecessor-version":[{"id":57047,"href":"http:\/\/portalcatolico.net\/portal\/wp-json\/wp\/v2\/posts\/57045\/revisions\/57047"}],"wp:featuredmedia":[{"embeddable":true,"href":"http:\/\/portalcatolico.net\/portal\/wp-json\/wp\/v2\/media\/57046"}],"wp:attachment":[{"href":"http:\/\/portalcatolico.net\/portal\/wp-json\/wp\/v2\/media?parent=57045"}],"wp:term":[{"taxonomy":"category","embeddable":true,"href":"http:\/\/portalcatolico.net\/portal\/wp-json\/wp\/v2\/categories?post=57045"},{"taxonomy":"post_tag","embeddable":true,"href":"http:\/\/portalcatolico.net\/portal\/wp-json\/wp\/v2\/tags?post=57045"}],"curies":[{"name":"wp","href":"https:\/\/api.w.org\/{rel}","templated":true}]}}