{"id":57036,"date":"2018-06-20T18:59:48","date_gmt":"2018-06-20T21:59:48","guid":{"rendered":"http:\/\/portalcatolico.net\/portal\/?p=57036"},"modified":"2018-06-20T19:09:06","modified_gmt":"2018-06-20T22:09:06","slug":"buerarema-festa-junina-da-casa-da-crianca-padre-jose-carlos","status":"publish","type":"post","link":"http:\/\/portalcatolico.net\/portal\/buerarema-festa-junina-da-casa-da-crianca-padre-jose-carlos\/","title":{"rendered":"BUERAREMA- CASA DA CRIAN\u00c7A PADRE JOS\u00c9 CARLOS REALIZOU A TRADICIONAL FESTA JUNINA"},"content":{"rendered":"<p>A festa junina da &nbsp;Casa da Crian\u00e7a Padre Jos\u00e9 Carlos garantiu divers\u00e3o para as crian\u00e7as, pais e volunt\u00e1rios que participaram do evento na \u00faltima ter\u00e7a-feira, 19 de junho. A festa contou com atra\u00e7\u00f5es culturais como as apresenta\u00e7\u00f5es&nbsp; das quadrilhas realizadas pelas crian\u00e7as que participam da Casa&nbsp; e Trov\u00f5es de Buera, comandada por Luiz Costa que animou a todos presentes.<\/p>\n<p>Al\u00e9m das apresenta\u00e7\u00f5es das quadrilhas, houve v\u00e1rias brincadeiras t\u00edpicas como: Corrida de saco,dan\u00e7a com a laranja, jogo com as argolas, pescaria, dan\u00e7a com as cadeiras,quebra pote e elei\u00e7\u00f5es da rainha e do rei do milho.<\/p>\n<p>De acordo com as organizadoras do evento Adriana Alc\u00e2ntara e Maria do Carmo a festa foi&nbsp; projetada com o objetivo de resgatar a cultura e tradi\u00e7\u00e3o junina &#8220;Esse \u00e9 um dia de divers\u00e3o com muitas<img loading=\"lazy\" decoding=\"async\" class=\"wp-image-57038 aligncenter\" src=\"http:\/\/portalcatolico.net\/portal\/wp-content\/uploads\/2018\/06\/WhatsApp-Image-2018-06-20-at-12.23.19-1-300x169.jpeg\" alt=\"\" width=\"722\" height=\"407\" srcset=\"http:\/\/portalcatolico.net\/portal\/wp-content\/uploads\/2018\/06\/WhatsApp-Image-2018-06-20-at-12.23.19-1-300x169.jpeg 300w, http:\/\/portalcatolico.net\/portal\/wp-content\/uploads\/2018\/06\/WhatsApp-Image-2018-06-20-at-12.23.19-1-768x432.jpeg 768w, http:\/\/portalcatolico.net\/portal\/wp-content\/uploads\/2018\/06\/WhatsApp-Image-2018-06-20-at-12.23.19-1-1024x576.jpeg 1024w, http:\/\/portalcatolico.net\/portal\/wp-content\/uploads\/2018\/06\/WhatsApp-Image-2018-06-20-at-12.23.19-1.jpeg 1032w\" sizes=\"auto, (max-width: 722px) 100vw, 722px\" \/> brincadeiras e atra\u00e7\u00f5es culturais para essas crian\u00e7as. Tudo foi feito com muito amor!&#8221;<\/p>\n<p>Durante a festa, as pessoas puderam apreciar quitutes t\u00edpicos como:milho, amendoim, pipoca, mungunz\u00e1, bolos, canjica e sucos. &#8220;Estou amando tudo isso! Aqui tem muito lazer,comida e alegria&#8221;, disse uma das crian\u00e7as cadastradas.<\/p>\n<p>Idealizada pelo Padre Jos\u00e9 Carlos e fundada em 2008 com ajuda da Associa\u00e7\u00e3o Italiana de Solidariedade (AGAPE) tendo como representantes Dom Enzo e Lucia Marcheselli, a Casa da Crian\u00e7a atende mais de 100 crian\u00e7as de baixa renda e oferta diversas atividades como oficinas pedag\u00f3gicas, aula de flauta, capoeira, jiu jitsu, alfabetiza\u00e7\u00e3o e letramento, curso de pintura, educa\u00e7\u00e3o nutricional, educa\u00e7\u00e3o para higiene bucal,entre outros. &#8221; Essa entidade funciona voluntariamente. Diversas pessoas vem nos ajudando&nbsp; a manter esse projeto que come\u00e7ou com padre Jos\u00e9 Carlos e vem sendo executado com ajuda constante da comunidade e&nbsp; dos seus fundadores&nbsp; Dom Enzo e Lucia que, incansavelmente, vem realizando campanhas na It\u00e1lia em prol da amplia\u00e7\u00e3o e manuten\u00e7\u00e3o da Casa da Crian\u00e7a&#8221; reiterou Valdite C\u00e2ndido, presidente&nbsp; da Institui\u00e7\u00e3o.<\/p>\n<p>Segundo Eug\u00eania Sanjuan,Coordenadora dos Projetos Pedag\u00f3gicos, uma das grandes necessidades da Casa da Crian\u00e7a est\u00e1 relacionada ao&nbsp; cal\u00e7amento da rua onde&nbsp; est\u00e1 localizada &#8220;N\u00f3s presenciamos diariamente as crian\u00e7as se atolando na lama, a gente sempre d\u00e1 um jeito, mas \u00e9 muito complicado.Hoje v\u00e1rias crian\u00e7as n\u00e3o compareceram ao evento junino devido o lama\u00e7al causado pela chuva. Seria fundamental que a nossa rua fosse cal\u00e7ada&#8221;. A Casa da Crian\u00e7a fica na&nbsp; <strong>2\u00aa<\/strong>&nbsp;Travessa&nbsp; da rua Floriano Peixoto, 51, centro, Buerarema, BA.Est\u00e1 aberta de segunda a sexta das 8h \u00e0s 17h e aos s\u00e1bados das 8h \u00e0s 12h.<\/p>\n<p><strong>Por: Adriana Alc\u00e2ntara<\/strong><\/p>\n<p><img loading=\"lazy\" decoding=\"async\" class=\"wp-image-57039 aligncenter\" src=\"http:\/\/portalcatolico.net\/portal\/wp-content\/uploads\/2018\/06\/WhatsApp-Image-2018-06-20-at-12.23.16-1-300x218.jpeg\" alt=\"\" width=\"676\" height=\"491\" srcset=\"http:\/\/portalcatolico.net\/portal\/wp-content\/uploads\/2018\/06\/WhatsApp-Image-2018-06-20-at-12.23.16-1-300x218.jpeg 300w, http:\/\/portalcatolico.net\/portal\/wp-content\/uploads\/2018\/06\/WhatsApp-Image-2018-06-20-at-12.23.16-1-768x557.jpeg 768w, http:\/\/portalcatolico.net\/portal\/wp-content\/uploads\/2018\/06\/WhatsApp-Image-2018-06-20-at-12.23.16-1.jpeg 880w\" sizes=\"auto, (max-width: 676px) 100vw, 676px\" \/> <img loading=\"lazy\" decoding=\"async\" class=\"wp-image-57040 aligncenter\" src=\"http:\/\/portalcatolico.net\/portal\/wp-content\/uploads\/2018\/06\/WhatsApp-Image-2018-06-20-at-12.23.17-1-300x169.jpeg\" alt=\"\" width=\"675\" height=\"380\" srcset=\"http:\/\/portalcatolico.net\/portal\/wp-content\/uploads\/2018\/06\/WhatsApp-Image-2018-06-20-at-12.23.17-1-300x169.jpeg 300w, http:\/\/portalcatolico.net\/portal\/wp-content\/uploads\/2018\/06\/WhatsApp-Image-2018-06-20-at-12.23.17-1-768x432.jpeg 768w, http:\/\/portalcatolico.net\/portal\/wp-content\/uploads\/2018\/06\/WhatsApp-Image-2018-06-20-at-12.23.17-1-1024x576.jpeg 1024w, http:\/\/portalcatolico.net\/portal\/wp-content\/uploads\/2018\/06\/WhatsApp-Image-2018-06-20-at-12.23.17-1.jpeg 1032w\" sizes=\"auto, (max-width: 675px) 100vw, 675px\" \/><\/p>\n<p><img loading=\"lazy\" decoding=\"async\" class=\"wp-image-57041 aligncenter\" src=\"http:\/\/portalcatolico.net\/portal\/wp-content\/uploads\/2018\/06\/WhatsApp-Image-2018-06-20-at-12.23.20-1-300x219.jpeg\" alt=\"\" width=\"678\" height=\"495\" srcset=\"http:\/\/portalcatolico.net\/portal\/wp-content\/uploads\/2018\/06\/WhatsApp-Image-2018-06-20-at-12.23.20-1-300x219.jpeg 300w, http:\/\/portalcatolico.net\/portal\/wp-content\/uploads\/2018\/06\/WhatsApp-Image-2018-06-20-at-12.23.20-1-768x561.jpeg 768w, http:\/\/portalcatolico.net\/portal\/wp-content\/uploads\/2018\/06\/WhatsApp-Image-2018-06-20-at-12.23.20-1-1024x748.jpeg 1024w, http:\/\/portalcatolico.net\/portal\/wp-content\/uploads\/2018\/06\/WhatsApp-Image-2018-06-20-at-12.23.20-1.jpeg 1280w\" sizes=\"auto, (max-width: 678px) 100vw, 678px\" \/> <img loading=\"lazy\" decoding=\"async\" class=\"wp-image-57042 aligncenter\" src=\"http:\/\/portalcatolico.net\/portal\/wp-content\/uploads\/2018\/06\/WhatsApp-Image-2018-06-20-at-12.23.20-2-300x169.jpeg\" alt=\"\" width=\"676\" height=\"381\" srcset=\"http:\/\/portalcatolico.net\/portal\/wp-content\/uploads\/2018\/06\/WhatsApp-Image-2018-06-20-at-12.23.20-2-300x169.jpeg 300w, http:\/\/portalcatolico.net\/portal\/wp-content\/uploads\/2018\/06\/WhatsApp-Image-2018-06-20-at-12.23.20-2-768x432.jpeg 768w, http:\/\/portalcatolico.net\/portal\/wp-content\/uploads\/2018\/06\/WhatsApp-Image-2018-06-20-at-12.23.20-2-1024x576.jpeg 1024w, http:\/\/portalcatolico.net\/portal\/wp-content\/uploads\/2018\/06\/WhatsApp-Image-2018-06-20-at-12.23.20-2.jpeg 1032w\" sizes=\"auto, (max-width: 676px) 100vw, 676px\" \/><\/p>\n","protected":false},"excerpt":{"rendered":"<p>A festa junina da &nbsp;Casa da Crian\u00e7a Padre Jos\u00e9 Carlos garantiu divers\u00e3o para as crian\u00e7as, pais e volunt\u00e1rios que participaram do evento na \u00faltima ter\u00e7a-feira, 19 de junho. A festa contou com atra\u00e7\u00f5es culturais como as apresenta\u00e7\u00f5es&nbsp; das quadrilhas realizadas pelas crian\u00e7as que participam da Casa&nbsp; e Trov\u00f5es de Buera, comandada por Luiz Costa que&nbsp;<\/p>\n<p><a class=\"btn btn-style\" href=\"http:\/\/portalcatolico.net\/portal\/buerarema-festa-junina-da-casa-da-crianca-padre-jose-carlos\/\">Continue Reading<\/a><\/p>\n","protected":false},"author":2,"featured_media":57037,"comment_status":"open","ping_status":"open","sticky":false,"template":"","format":"standard","meta":{"footnotes":""},"categories":[4],"tags":[],"class_list":["post-57036","post","type-post","status-publish","format-standard","has-post-thumbnail","hentry","category-destaques"],"_links":{"self":[{"href":"http:\/\/portalcatolico.net\/portal\/wp-json\/wp\/v2\/posts\/57036","targetHints":{"allow":["GET"]}}],"collection":[{"href":"http:\/\/portalcatolico.net\/portal\/wp-json\/wp\/v2\/posts"}],"about":[{"href":"http:\/\/portalcatolico.net\/portal\/wp-json\/wp\/v2\/types\/post"}],"author":[{"embeddable":true,"href":"http:\/\/portalcatolico.net\/portal\/wp-json\/wp\/v2\/users\/2"}],"replies":[{"embeddable":true,"href":"http:\/\/portalcatolico.net\/portal\/wp-json\/wp\/v2\/comments?post=57036"}],"version-history":[{"count":2,"href":"http:\/\/portalcatolico.net\/portal\/wp-json\/wp\/v2\/posts\/57036\/revisions"}],"predecessor-version":[{"id":57044,"href":"http:\/\/portalcatolico.net\/portal\/wp-json\/wp\/v2\/posts\/57036\/revisions\/57044"}],"wp:featuredmedia":[{"embeddable":true,"href":"http:\/\/portalcatolico.net\/portal\/wp-json\/wp\/v2\/media\/57037"}],"wp:attachment":[{"href":"http:\/\/portalcatolico.net\/portal\/wp-json\/wp\/v2\/media?parent=57036"}],"wp:term":[{"taxonomy":"category","embeddable":true,"href":"http:\/\/portalcatolico.net\/portal\/wp-json\/wp\/v2\/categories?post=57036"},{"taxonomy":"post_tag","embeddable":true,"href":"http:\/\/portalcatolico.net\/portal\/wp-json\/wp\/v2\/tags?post=57036"}],"curies":[{"name":"wp","href":"https:\/\/api.w.org\/{rel}","templated":true}]}}