{"id":57033,"date":"2018-06-20T06:05:30","date_gmt":"2018-06-20T09:05:30","guid":{"rendered":"http:\/\/portalcatolico.net\/portal\/?p=57033"},"modified":"2018-06-20T06:05:56","modified_gmt":"2018-06-20T09:05:56","slug":"semana-da-familia-na-diocese-de-itabuna-acontece-em-agosto","status":"publish","type":"post","link":"http:\/\/portalcatolico.net\/portal\/semana-da-familia-na-diocese-de-itabuna-acontece-em-agosto\/","title":{"rendered":"Semana da Fam\u00edlia na Diocese de Itabuna acontece em agosto"},"content":{"rendered":"<p style=\"font-weight: 400;\">A Semana Nacional da Fam\u00edlia&nbsp;acontecer\u00e1 de 12 a 19 de agosto com o tema:&#8221; O evangelho da&nbsp;<br \/>\nfam\u00edlia, alegria para o mundo.&#8221;<\/p>\n<p style=\"font-weight: 400;\">Uma das atra\u00e7\u00f5es do evento ser\u00e1 o Frei Gilson da Comunidade Carmelita. O seu show ser\u00e1 realizado na pra\u00e7a Camac\u00e3, \u00e0s 19h e ser\u00e1 aberto ao p\u00fablico em 18 de agosto.<\/p>\n<p style=\"font-weight: 400;\">Em breve, voc\u00ea confere aqui a programa\u00e7\u00e3o completa desse evento t\u00e3o esperado.<\/p>\n<p style=\"font-weight: 400;\">Enquanto isso, conhe\u00e7a uma das&nbsp;m\u00fasicas do religioso que estar\u00e1 evangelizando milhares de fam\u00edlia.&nbsp;<br \/>\nAcesse:&nbsp;<a href=\"https:\/\/www.youtube.com\/watch?v=gAEVwy3bkz8\">https:\/\/www.youtube.com\/watch?v=gAEVwy3bkz8<\/a><\/p>\n","protected":false},"excerpt":{"rendered":"<p>A Semana Nacional da Fam\u00edlia&nbsp;acontecer\u00e1 de 12 a 19 de agosto com o tema:&#8221; O evangelho da&nbsp; fam\u00edlia, alegria para o mundo.&#8221; Uma das atra\u00e7\u00f5es do evento ser\u00e1 o Frei Gilson da Comunidade Carmelita. O seu show ser\u00e1 realizado na pra\u00e7a Camac\u00e3, \u00e0s 19h e ser\u00e1 aberto ao p\u00fablico em 18 de agosto. Em breve,&nbsp;<\/p>\n<p><a class=\"btn btn-style\" href=\"http:\/\/portalcatolico.net\/portal\/semana-da-familia-na-diocese-de-itabuna-acontece-em-agosto\/\">Continue Reading<\/a><\/p>\n","protected":false},"author":2,"featured_media":57034,"comment_status":"open","ping_status":"open","sticky":false,"template":"","format":"standard","meta":{"footnotes":""},"categories":[1],"tags":[],"class_list":["post-57033","post","type-post","status-publish","format-standard","has-post-thumbnail","hentry","category-agenda"],"_links":{"self":[{"href":"http:\/\/portalcatolico.net\/portal\/wp-json\/wp\/v2\/posts\/57033","targetHints":{"allow":["GET"]}}],"collection":[{"href":"http:\/\/portalcatolico.net\/portal\/wp-json\/wp\/v2\/posts"}],"about":[{"href":"http:\/\/portalcatolico.net\/portal\/wp-json\/wp\/v2\/types\/post"}],"author":[{"embeddable":true,"href":"http:\/\/portalcatolico.net\/portal\/wp-json\/wp\/v2\/users\/2"}],"replies":[{"embeddable":true,"href":"http:\/\/portalcatolico.net\/portal\/wp-json\/wp\/v2\/comments?post=57033"}],"version-history":[{"count":1,"href":"http:\/\/portalcatolico.net\/portal\/wp-json\/wp\/v2\/posts\/57033\/revisions"}],"predecessor-version":[{"id":57035,"href":"http:\/\/portalcatolico.net\/portal\/wp-json\/wp\/v2\/posts\/57033\/revisions\/57035"}],"wp:featuredmedia":[{"embeddable":true,"href":"http:\/\/portalcatolico.net\/portal\/wp-json\/wp\/v2\/media\/57034"}],"wp:attachment":[{"href":"http:\/\/portalcatolico.net\/portal\/wp-json\/wp\/v2\/media?parent=57033"}],"wp:term":[{"taxonomy":"category","embeddable":true,"href":"http:\/\/portalcatolico.net\/portal\/wp-json\/wp\/v2\/categories?post=57033"},{"taxonomy":"post_tag","embeddable":true,"href":"http:\/\/portalcatolico.net\/portal\/wp-json\/wp\/v2\/tags?post=57033"}],"curies":[{"name":"wp","href":"https:\/\/api.w.org\/{rel}","templated":true}]}}