{"id":57029,"date":"2018-06-19T19:03:24","date_gmt":"2018-06-19T22:03:24","guid":{"rendered":"http:\/\/portalcatolico.net\/portal\/?p=57029"},"modified":"2018-06-19T19:05:22","modified_gmt":"2018-06-19T22:05:22","slug":"walmir-alencar-fala-sobre-a-participacao-do-ministerio-adoracao-e-vida-em-eventos-no-sul-da-bahia","status":"publish","type":"post","link":"http:\/\/portalcatolico.net\/portal\/walmir-alencar-fala-sobre-a-participacao-do-ministerio-adoracao-e-vida-em-eventos-no-sul-da-bahia\/","title":{"rendered":"Walmir Alencar fala sobre a participa\u00e7\u00e3o do Minist\u00e9rio Adora\u00e7\u00e3o e Vida em eventos no sul da Bahia"},"content":{"rendered":"<p style=\"font-weight: 400;\">Na noite do \u00faltimo s\u00e1bado (16), \u00e0s 22 horas, em&nbsp;Itaju\u00edpe (BA), aconteceu a apresenta\u00e7\u00e3o do Minist\u00e9rio Adora\u00e7\u00e3o e Vida, que&nbsp;<br \/>\ntem como cantor e compositor Valmir Alencar. O evento recebeu v\u00e1rias&nbsp;pessoas de Itaju\u00edpe e regi\u00e3o que gostam do som religioso.<\/p>\n<p style=\"font-weight: 400;\">O acontecimento&nbsp; fez parte da campanha de revitaliza\u00e7\u00e3o da Par\u00f3quia Sagrado&nbsp;Cora\u00e7\u00e3o de Jesus.<\/p>\n<p style=\"font-weight: 400;\">Adora\u00e7\u00e3o e Vida \u00e9 um minist\u00e9rio musical, fundado em 2005, em S\u00e3o Jos\u00e9 dos Campos-SP, pelo m\u00fasico Walmir Alencar, nascido em Registro-SP, que passou a inf\u00e2ncia com sua fam\u00edlia que era esp\u00edrita e iniciou em 1982 sua caminhada como cat\u00f3lico em S\u00e3o Jos\u00e9 dos Campos-SP.<br \/>\nDepois de 25 anos na evangeliza\u00e7\u00e3o, o Senhor os chamou de Adora\u00e7\u00e3o e Vida (agosto\/2005).<br \/>\nCom o nome, Ele tamb\u00e9m lhes deu a for\u00e7a de uma vida nova.<\/p>\n<p style=\"font-weight: 400;\">Na oportunidade,&nbsp;&nbsp;Walmir Alencar concedeu uma entrevista ao Portal&nbsp;Cat\u00f3lico e a Pascom (Pastoral da Comunica\u00e7\u00e3o da Par\u00f3quia do Sagrado Cora\u00e7\u00e3o&nbsp;de Jesus), e falou sobre o sentimento de conhecer a Par\u00f3quia Sagrado Cora\u00e7\u00e3o de Jesus: &#8220;J\u00e1 tive outras vezes aqui na regi\u00e3o mas n\u00e3o tinha conhecido ainda esta par\u00f3quia. Estou maravilhado! O padre Edson e todos os presentes nos acolheram super bem, ent\u00e3o isso \u00e9 fant\u00e1stico&#8221;<\/p>\n<p style=\"font-weight: 400;\">Walmir Alencar&nbsp;&nbsp;falou ainda sobre a satisfa\u00e7\u00e3o de poder fazer um show emocionante para um p\u00fablico fiel: &#8220;\u00c9 sempre uma felicidade e uma alegria em estar com o povo de Deus. Eu vi v\u00e1rias senhoras no show cantando as m\u00fasicas com emo\u00e7\u00e3o. Ent\u00e3o essa \u00e9 a alegria que a gente tem. Essa certeza de que Deus tocou no cora\u00e7\u00e3o e que marcou a vida dessas pessoas atrav\u00e9s das can\u00e7\u00f5es que n\u00f3s cantamos. E isso da\u00ed cada vez que eu vejo, eu me sinto muito feliz&#8221;.<\/p>\n<p style=\"font-weight: 400;\">Na manh\u00e3 do&nbsp; domingo, ele palestrou no Centro de&nbsp;Conven\u00e7\u00f5es em Ilh\u00e9us (BA), para centenas de jovens do EJC das 18 par\u00f3quias da&nbsp;<br \/>\nDiocese de Ilh\u00e9us.<\/p>\n<p>Foto: Valdeni Elias<\/p>\n<p>Edi\u00e7\u00e3o de texto: Anara Passos (Jornalista DRT 7574)<\/p>\n<p style=\"font-weight: 400;\">&nbsp;<\/p>\n","protected":false},"excerpt":{"rendered":"<p>Na noite do \u00faltimo s\u00e1bado (16), \u00e0s 22 horas, em&nbsp;Itaju\u00edpe (BA), aconteceu a apresenta\u00e7\u00e3o do Minist\u00e9rio Adora\u00e7\u00e3o e Vida, que&nbsp; tem como cantor e compositor Valmir Alencar. O evento recebeu v\u00e1rias&nbsp;pessoas de Itaju\u00edpe e regi\u00e3o que gostam do som religioso. O acontecimento&nbsp; fez parte da campanha de revitaliza\u00e7\u00e3o da Par\u00f3quia Sagrado&nbsp;Cora\u00e7\u00e3o de Jesus. Adora\u00e7\u00e3o e&nbsp;<\/p>\n<p><a class=\"btn btn-style\" href=\"http:\/\/portalcatolico.net\/portal\/walmir-alencar-fala-sobre-a-participacao-do-ministerio-adoracao-e-vida-em-eventos-no-sul-da-bahia\/\">Continue Reading<\/a><\/p>\n","protected":false},"author":2,"featured_media":57030,"comment_status":"open","ping_status":"open","sticky":false,"template":"","format":"standard","meta":{"footnotes":""},"categories":[65],"tags":[],"class_list":["post-57029","post","type-post","status-publish","format-standard","has-post-thumbnail","hentry","category-entrevistas"],"_links":{"self":[{"href":"http:\/\/portalcatolico.net\/portal\/wp-json\/wp\/v2\/posts\/57029","targetHints":{"allow":["GET"]}}],"collection":[{"href":"http:\/\/portalcatolico.net\/portal\/wp-json\/wp\/v2\/posts"}],"about":[{"href":"http:\/\/portalcatolico.net\/portal\/wp-json\/wp\/v2\/types\/post"}],"author":[{"embeddable":true,"href":"http:\/\/portalcatolico.net\/portal\/wp-json\/wp\/v2\/users\/2"}],"replies":[{"embeddable":true,"href":"http:\/\/portalcatolico.net\/portal\/wp-json\/wp\/v2\/comments?post=57029"}],"version-history":[{"count":1,"href":"http:\/\/portalcatolico.net\/portal\/wp-json\/wp\/v2\/posts\/57029\/revisions"}],"predecessor-version":[{"id":57031,"href":"http:\/\/portalcatolico.net\/portal\/wp-json\/wp\/v2\/posts\/57029\/revisions\/57031"}],"wp:featuredmedia":[{"embeddable":true,"href":"http:\/\/portalcatolico.net\/portal\/wp-json\/wp\/v2\/media\/57030"}],"wp:attachment":[{"href":"http:\/\/portalcatolico.net\/portal\/wp-json\/wp\/v2\/media?parent=57029"}],"wp:term":[{"taxonomy":"category","embeddable":true,"href":"http:\/\/portalcatolico.net\/portal\/wp-json\/wp\/v2\/categories?post=57029"},{"taxonomy":"post_tag","embeddable":true,"href":"http:\/\/portalcatolico.net\/portal\/wp-json\/wp\/v2\/tags?post=57029"}],"curies":[{"name":"wp","href":"https:\/\/api.w.org\/{rel}","templated":true}]}}