{"id":57025,"date":"2018-06-19T06:21:55","date_gmt":"2018-06-19T09:21:55","guid":{"rendered":"http:\/\/portalcatolico.net\/portal\/?p=57025"},"modified":"2018-06-19T06:21:55","modified_gmt":"2018-06-19T09:21:55","slug":"congresso-diocesano-da-renovacao-carismatica-catolica-de-guarabira-eis-que-estou-a-porta-e-bato","status":"publish","type":"post","link":"http:\/\/portalcatolico.net\/portal\/congresso-diocesano-da-renovacao-carismatica-catolica-de-guarabira-eis-que-estou-a-porta-e-bato\/","title":{"rendered":"Congresso Diocesano da Renova\u00e7\u00e3o Carism\u00e1tica Cat\u00f3lica de Guarabira: \u201cEis que estou a porta e bato\u201d"},"content":{"rendered":"<p>Em Sol\u00e2nea, interior paraibano, a Diocese de Guarabira realizou, neste fim de semana, o Congresso da Renova\u00e7\u00e3o Carism\u00e1tica Cat\u00f3lica \u2013 RCC. O referido encontro reuniu centenas de pessoas das par\u00f3quias dessa diocese, exaltando a unidade deste movimento e tamb\u00e9m da Igreja. A Igreja permanece firme, orante, atenta \u00e0s necessidades de outrem, disposta ao servi\u00e7o e com os olhos fitos em Jesus Cristo.<\/p>\n<p>O congresso realizou-se \u00e0 luz do vers\u00edculo: \u201cEis que estou a porta e bato\u201d (Apocalipse 3,20a), tema anual da RCC. Neste encontro, estiveram presentes diversos padres, religiosos, servos de grupos de ora\u00e7\u00e3o e tamb\u00e9m a presidente do Conselho Nacional da RCC, Katia Roldi Zavaris.<\/p>\n<p>O congresso foi conclu\u00eddo com a Santa Missa, presidida pelo Bispo Diocesano de Guarabira, Dom <img loading=\"lazy\" decoding=\"async\" class=\" wp-image-57027 alignright\" src=\"http:\/\/portalcatolico.net\/portal\/wp-content\/uploads\/2018\/06\/WhatsApp-Image-2018-06-17-at-15.25.23-1-560x420-300x225.jpeg\" alt=\"\" width=\"239\" height=\"179\" srcset=\"http:\/\/portalcatolico.net\/portal\/wp-content\/uploads\/2018\/06\/WhatsApp-Image-2018-06-17-at-15.25.23-1-560x420-300x225.jpeg 300w, http:\/\/portalcatolico.net\/portal\/wp-content\/uploads\/2018\/06\/WhatsApp-Image-2018-06-17-at-15.25.23-1-560x420.jpeg 560w\" sizes=\"auto, (max-width: 239px) 100vw, 239px\" \/>Aldemiro Sena, sendo concelebrada por Padre Arimat\u00e9ia Vieira, Padre J\u00fanior Bezerra e Padre Heriberto Gomes. Em suas ternas palavras, Dom Aldemiro convidou todos a serem perseverantes na f\u00e9 e no servi\u00e7o na Igreja de Cristo.<\/p>\n<p>Reuni\u00f5es semelhantes a esta, que suscitam a ora\u00e7\u00e3o, a partilha e a reflex\u00e3o, s\u00e3o eficazes na evangeliza\u00e7\u00e3o. Enfim, permitem que muitos abram a porta de seus cora\u00e7\u00f5es n\u00e3o apenas para que Cristo entre, mas para que Ele habite em cada um deles. Assim, vivendo em comunh\u00e3o com Jesus Cristo, entoar-se-\u00e1 com ainda mais f\u00e9: \u201cEntra, Senhor Jesus, em meu cora\u00e7\u00e3o. Vem inundar meu ser com tua presen\u00e7a\u201d.<\/p>\n<p>Fonte e fotos:Diocese de Guarabira(PB)<\/p>\n","protected":false},"excerpt":{"rendered":"<p>Em Sol\u00e2nea, interior paraibano, a Diocese de Guarabira realizou, neste fim de semana, o Congresso da Renova\u00e7\u00e3o Carism\u00e1tica Cat\u00f3lica \u2013 RCC. O referido encontro reuniu centenas de pessoas das par\u00f3quias dessa diocese, exaltando a unidade deste movimento e tamb\u00e9m da Igreja. A Igreja permanece firme, orante, atenta \u00e0s necessidades de outrem, disposta ao servi\u00e7o e&nbsp;<\/p>\n<p><a class=\"btn btn-style\" href=\"http:\/\/portalcatolico.net\/portal\/congresso-diocesano-da-renovacao-carismatica-catolica-de-guarabira-eis-que-estou-a-porta-e-bato\/\">Continue Reading<\/a><\/p>\n","protected":false},"author":2,"featured_media":57026,"comment_status":"open","ping_status":"open","sticky":false,"template":"","format":"standard","meta":{"footnotes":""},"categories":[68],"tags":[],"class_list":["post-57025","post","type-post","status-publish","format-standard","has-post-thumbnail","hentry","category-homilias"],"_links":{"self":[{"href":"http:\/\/portalcatolico.net\/portal\/wp-json\/wp\/v2\/posts\/57025","targetHints":{"allow":["GET"]}}],"collection":[{"href":"http:\/\/portalcatolico.net\/portal\/wp-json\/wp\/v2\/posts"}],"about":[{"href":"http:\/\/portalcatolico.net\/portal\/wp-json\/wp\/v2\/types\/post"}],"author":[{"embeddable":true,"href":"http:\/\/portalcatolico.net\/portal\/wp-json\/wp\/v2\/users\/2"}],"replies":[{"embeddable":true,"href":"http:\/\/portalcatolico.net\/portal\/wp-json\/wp\/v2\/comments?post=57025"}],"version-history":[{"count":1,"href":"http:\/\/portalcatolico.net\/portal\/wp-json\/wp\/v2\/posts\/57025\/revisions"}],"predecessor-version":[{"id":57028,"href":"http:\/\/portalcatolico.net\/portal\/wp-json\/wp\/v2\/posts\/57025\/revisions\/57028"}],"wp:featuredmedia":[{"embeddable":true,"href":"http:\/\/portalcatolico.net\/portal\/wp-json\/wp\/v2\/media\/57026"}],"wp:attachment":[{"href":"http:\/\/portalcatolico.net\/portal\/wp-json\/wp\/v2\/media?parent=57025"}],"wp:term":[{"taxonomy":"category","embeddable":true,"href":"http:\/\/portalcatolico.net\/portal\/wp-json\/wp\/v2\/categories?post=57025"},{"taxonomy":"post_tag","embeddable":true,"href":"http:\/\/portalcatolico.net\/portal\/wp-json\/wp\/v2\/tags?post=57025"}],"curies":[{"name":"wp","href":"https:\/\/api.w.org\/{rel}","templated":true}]}}