{"id":57022,"date":"2018-06-18T20:13:09","date_gmt":"2018-06-18T23:13:09","guid":{"rendered":"http:\/\/portalcatolico.net\/portal\/?p=57022"},"modified":"2018-06-18T20:13:09","modified_gmt":"2018-06-18T23:13:09","slug":"papa-a-familia-a-imagem-de-deus-e-uma-so-homem-e-mulher","status":"publish","type":"post","link":"http:\/\/portalcatolico.net\/portal\/papa-a-familia-a-imagem-de-deus-e-uma-so-homem-e-mulher\/","title":{"rendered":"Papa: a fam\u00edlia \u00e0 imagem de Deus \u00e9 uma s\u00f3, homem e mulher"},"content":{"rendered":"<p>No s\u00e1bado (16\/06) o&nbsp;<b>Papa Francisco<\/b>&nbsp;encontrou uma Delega\u00e7\u00e3o do F\u00f3rum das Associa\u00e7\u00f5es Familiares. Depois de entregar o&nbsp;<a href=\"http:\/\/w2.vatican.va\/content\/francesco\/it\/speeches\/2018\/june\/documents\/papa-francesco_20180616_forum-associazioni-familiari.html\" target=\"_blank\" rel=\"external nofollow noopener\">texto preparado<\/a>, o Santo Padre fez um discurso de improviso cheio de recorda\u00e7\u00f5es e contando v\u00e1rias hist\u00f3rias. O primeiro tema que o Papa se det\u00e9m \u00e9 o da paci\u00eancia. \u00c9 preciso saber esperar. Na vida h\u00e1 situa\u00e7\u00f5es de graves crises \u201conde se pode chegar at\u00e9 \u00e0 infidelidade\u201d. \u00c9 justamente nesta hora que \u00e9 preciso \u201ca paci\u00eancia\u201d do amor que espera. E se um grita, o outro n\u00e3o deve responder gritando, mas deixar passar a tempestade e depois falar no momento oportuno.<\/p>\n<div>\n<div class=\"article__embed article__embed--border embed_style\">\n<blockquote><p>\u201c Muitas mulheres \u2013 porque isso \u00e9 mais comum nas mulheres, mas \u00e0s vezes no homem tamb\u00e9m \u2013 no sil\u00eancio esperaram olhando para outro lado, esperando que o marido volte \u00e0 fidelidade. E isto \u00e9 santidade. A santidade perdoa tudo, porque ama. \u201d<\/p><\/blockquote>\n<\/div>\n<\/div>\n<p>Por isso s\u00e3o fundamentais as tr\u00eas palavras j\u00e1 recordadas outras vezes: \u201ccom licen\u00e7a\u201d, \u201cobrigado\u201d e \u201cdesculpa\u201d.<\/p>\n<h2><b>O catecumenato matrimonial<\/b><\/h2>\n<p>Sobre a&nbsp;<i><a href=\"http:\/\/w2.vatican.va\/content\/francesco\/pt\/apost_exhortations\/documents\/papa-francesco_esortazione-ap_20160319_amoris-laetitia.html\" target=\"_blank\" rel=\"external nofollow noopener\">Amoris laetitia<\/a><\/i>, o Papa recomenda ler o quarto cap\u00edtulo da exorta\u00e7\u00e3o. \u201cAlguns \u2013 disse \u2013 reduziram a&nbsp;<i><a href=\"http:\/\/w2.vatican.va\/content\/francesco\/pt\/apost_exhortations\/documents\/papa-francesco_esortazione-ap_20160319_amoris-laetitia.html\" target=\"_blank\" rel=\"external nofollow noopener\">Amoris laetitia<\/a><\/i>, a uma est\u00e9ril casu\u00edstica do \u2018se pode, n\u00e3o se pode\u2019. N\u00e3o entenderam nada!\u201d. Em seguida o Papa se concentra na prepara\u00e7\u00e3o ao matrim\u00f4nio, ao fazer isso recorda as palavras que lhe foram ditas por uma mulher em Buenos Aires: \u201cPara ser padres, voc\u00eas estudam oito anos, se preparam durante oito anos. E depois, passados alguns anos descobrem que n\u00e3o \u00e9 este o caminho, ent\u00e3o, escrevem uma bela carta para Roma, e Roma lhes d\u00e1 a permiss\u00e3o, e assim podem se casar. Em seguida ela disse: N\u00f3s, ao inv\u00e9s, que recebemos um Sacramento para toda a vida, somos contentados com apenas tr\u00eas ou quatro encontros de prepara\u00e7\u00e3o. Isto n\u00e3o est\u00e1 certo\u201d. Neste ponto, Francisco sublinha a necessidade de \u201cum catecumenato matrimonial, assim como h\u00e1 um catecumenato para o Batismo\u201d.<\/p>\n<h2><b>A fam\u00edlia humana \u00e0 imagem de Deus \u00e9 uma s\u00f3: homem e mulher<\/b><\/h2>\n<p>O problema \u00e9 que hoje \u2013 releva \u2013 \u201cmuitas vezes se pensa em formar uma fam\u00edlia e casar como se fosse uma loteria\u201d, ou seja, com o pensamento, se der deu, sen\u00e3o \u201canulamos tudo e come\u00e7o tudo de novo\u201d. Trata-se de superficialidade com rela\u00e7\u00e3o ao maior dom que Deus deu \u00e0 humanidade: a fam\u00edlia\u201d.<\/p>\n<div>\n<div class=\"article__embed article__embed--border embed_style\">\n<blockquote><p>\u201c Tamb\u00e9m, nos dias de hoje, faz mal dizer,&nbsp; fala-se de fam\u00edlias \u201cdiversificadas\u201d: v\u00e1rios tipos de fam\u00edlias. \u00c9 verdade, a palavra \u201cfam\u00edlia\u201d \u00e9 uma palavra anal\u00f3gica, porque fala-se da \u201cfam\u00edlia\u201d das estrelas, das \u201cfam\u00edlias\u201d das \u00e1rvores, das \u201cfam\u00edlias\u201d dos animais\u2026 \u00e9 uma palavra anal\u00f3gica. Mas a fam\u00edlia humana \u00e0 imagem de Deus, homem e mulher, \u00e9 uma s\u00f3. \u00c9 uma s\u00f3. \u201d<\/p><\/blockquote>\n<\/div>\n<\/div>\n<p>\u201cPode ser que um homem e uma mulher n\u00e3o acreditem: mas se eles se amam e se casam, s\u00e3o \u00e0 imagem e semelhan\u00e7a de Deus, mesmo n\u00e3o crendo. \u00c9 um mist\u00e9rio: S\u00e3o Paulo chama \u2018grande mist\u00e9rio\u2019, \u2018grande sacramento\u2019, um mist\u00e9rio verdadeiro\u201d.<\/p>\n<h2><b>O maior dom: os filhos<\/b><\/h2>\n<p>Depois o discurso do Papa se concentra nos filhos. H\u00e1 o caso dos que t\u00eam que comprar uma casa, viajar ou como o casal que ele encontrou, unidos h\u00e1 dez anos, que n\u00e3o queria filhos mas tinham tr\u00eas c\u00e3es e dois gatos. Situa\u00e7\u00e3o diante das quais o Papa reitera que os filhos s\u00e3o \u201co maior dom\u201d. Depois dirige uma forte cr\u00edtica ao aborto seletivo.<\/p>\n<div>\n<div class=\"article__embed article__embed--border embed_style\">\n<blockquote><p>\u201c Os filhos se acolhem como v\u00eam, como Deus os manda, como Deus permite \u2013 mesmo se \u00e0s vezes s\u00e3o doentes. Ouvi dizer que est\u00e1 na moda \u2013 ou ao menos acontece \u2013 que nos primeiros meses de gravidez se faz alguns exames, para ver se a crian\u00e7a est\u00e1 bem ou tem algum problema\u2026 A primeira proposta neste caso \u00e9: \u201cO eliminamos?\u201d. O homic\u00eddio de crian\u00e7as. E para ter uma vida tranquila, se elimina um inocente. \u201d<\/p><\/blockquote>\n<\/div>\n<\/div>\n<p>Francisco recorda de algumas hist\u00f3rias que sua professora contava quando era menino: quando as crian\u00e7as eram jogados no penhasco. \u201cNo s\u00e9culo passado \u2013 sublinha \u2013 todos ficavam escandalizados com o que os nazistas faziam para obter a pureza da ra\u00e7a. Hoje fazemos o mesmo, mas com luvas brancas\u201d.<\/p>\n<h2><b>A fam\u00edlia amea\u00e7ada pela falta de emprego<\/b><\/h2>\n<p>H\u00e1 tamb\u00e9m a quest\u00e3o do trabalho. Se de um lado para viver \u00e9 preciso de dois empregos, de outro a fam\u00edlia est\u00e1 amea\u00e7ada pela falta de empregos. O Papa ressalta tamb\u00e9m que \u00e9 preciso, sempre, brincar com as crian\u00e7as: \u201cpercam tempo com seus filhos\u201d e, enfim, recordando os idosos, pede novamente para que os av\u00f3s falem com os netos e que n\u00e3o sejam afastados da fam\u00edlia.(Vatican News)<\/p>\n<p>&nbsp;<\/p>\n","protected":false},"excerpt":{"rendered":"<p>No s\u00e1bado (16\/06) o&nbsp;Papa Francisco&nbsp;encontrou uma Delega\u00e7\u00e3o do F\u00f3rum das Associa\u00e7\u00f5es Familiares. Depois de entregar o&nbsp;texto preparado, o Santo Padre fez um discurso de improviso cheio de recorda\u00e7\u00f5es e contando v\u00e1rias hist\u00f3rias. O primeiro tema que o Papa se det\u00e9m \u00e9 o da paci\u00eancia. \u00c9 preciso saber esperar. Na vida h\u00e1 situa\u00e7\u00f5es de graves crises&nbsp;<\/p>\n<p><a class=\"btn btn-style\" href=\"http:\/\/portalcatolico.net\/portal\/papa-a-familia-a-imagem-de-deus-e-uma-so-homem-e-mulher\/\">Continue Reading<\/a><\/p>\n","protected":false},"author":2,"featured_media":57023,"comment_status":"open","ping_status":"open","sticky":false,"template":"","format":"standard","meta":{"footnotes":""},"categories":[5],"tags":[],"class_list":["post-57022","post","type-post","status-publish","format-standard","has-post-thumbnail","hentry","category-igreja_no_mundo"],"_links":{"self":[{"href":"http:\/\/portalcatolico.net\/portal\/wp-json\/wp\/v2\/posts\/57022","targetHints":{"allow":["GET"]}}],"collection":[{"href":"http:\/\/portalcatolico.net\/portal\/wp-json\/wp\/v2\/posts"}],"about":[{"href":"http:\/\/portalcatolico.net\/portal\/wp-json\/wp\/v2\/types\/post"}],"author":[{"embeddable":true,"href":"http:\/\/portalcatolico.net\/portal\/wp-json\/wp\/v2\/users\/2"}],"replies":[{"embeddable":true,"href":"http:\/\/portalcatolico.net\/portal\/wp-json\/wp\/v2\/comments?post=57022"}],"version-history":[{"count":1,"href":"http:\/\/portalcatolico.net\/portal\/wp-json\/wp\/v2\/posts\/57022\/revisions"}],"predecessor-version":[{"id":57024,"href":"http:\/\/portalcatolico.net\/portal\/wp-json\/wp\/v2\/posts\/57022\/revisions\/57024"}],"wp:featuredmedia":[{"embeddable":true,"href":"http:\/\/portalcatolico.net\/portal\/wp-json\/wp\/v2\/media\/57023"}],"wp:attachment":[{"href":"http:\/\/portalcatolico.net\/portal\/wp-json\/wp\/v2\/media?parent=57022"}],"wp:term":[{"taxonomy":"category","embeddable":true,"href":"http:\/\/portalcatolico.net\/portal\/wp-json\/wp\/v2\/categories?post=57022"},{"taxonomy":"post_tag","embeddable":true,"href":"http:\/\/portalcatolico.net\/portal\/wp-json\/wp\/v2\/tags?post=57022"}],"curies":[{"name":"wp","href":"https:\/\/api.w.org\/{rel}","templated":true}]}}