{"id":56857,"date":"2018-06-18T06:04:34","date_gmt":"2018-06-18T09:04:34","guid":{"rendered":"http:\/\/portalcatolico.net\/portal\/?p=56857"},"modified":"2018-06-18T07:58:48","modified_gmt":"2018-06-18T10:58:48","slug":"i-congresso-diocesano-do-ejc-acontece-em-ilheus","status":"publish","type":"post","link":"http:\/\/portalcatolico.net\/portal\/i-congresso-diocesano-do-ejc-acontece-em-ilheus\/","title":{"rendered":"I Congresso Diocesano do EJC acontece em Ilh\u00e9us"},"content":{"rendered":"<p style=\"font-weight: 400;\">O Encontro de Jovens com Cristo (EJC) da Diocese de Ilh\u00e9us realizou&nbsp;neste domingo (17), o I Congresso Diocesano do EJC, na&nbsp;cidade de Ilh\u00e9us (BA), no Centro de Conven\u00e7\u00f5es.<\/p>\n<p style=\"font-weight: 400;\">O evento iniciou \u00e0s 8h, com as devidas&nbsp;orienta\u00e7\u00f5es da coordena\u00e7\u00e3o&nbsp; para a juventude das 18 par\u00f3quias que comp\u00f5em&nbsp;a Diocese de Ilh\u00e9us e, em seguida, aconteceu a abertura com a ora\u00e7\u00e3o&nbsp;&#8220;Maria: M\u00e3e da Juventude&#8221;.<\/p>\n<p style=\"font-weight: 400;\"><em>O evento teve como tema: &#8220;Jovens conectados&nbsp; a Cristo, sal da terra e luz do Mundo&#8221;.<\/em><\/p>\n<p style=\"font-weight: 400;\">Na oportunidade, o coordenador do evento, Joabson Nascimento, disse que&nbsp;&nbsp;&#8220;o Congresso tem como ponto principal, a uni\u00e3o de todo o nosso EJC de todas as par\u00f3quias da Diocese de Ilh\u00e9us.&nbsp;<em>O evento \u00e9 uma oportunidade de proporcionar aos&nbsp; jovens e casais da&nbsp;Diocese de Ilh\u00e9us, no sul da Bahia, uma renova\u00e7\u00e3o do primeiro encontro&nbsp;que&nbsp;eles tiveram com Deus, aprofundando a f\u00e9 e buscando solu\u00e7\u00f5es para&nbsp;superar as dificuldades que ainda os impedem de vivenciar tal encontro&nbsp;em&nbsp;toda a vida.<\/em><\/p>\n<p style=\"font-weight: 400;\">O evento realmente foi um sucesso, lotado de muitos fieis cat\u00f3licos, entre eles, estava presente o Vereador Enderson Guinho,&nbsp;que \u00e9 membro do EJC da Diocese de Itabuna e do Estado. Vale lembrar que ele \u00e9 muito conhecido na regi\u00e3o por ratificar a for\u00e7a jovem na Igreja Cat\u00f3lica.<\/p>\n<p style=\"font-weight: 400;\">O evento foi finalizado \u00e0s 15h30, na Catedral Diocesana&nbsp;de S\u00e3o Sebasti\u00e3o, com santa missa presidida pelo Bispo Diocesano Dom&nbsp;Mauro Montagnoli e concelebrada por padres diocesanos.<\/p>\n<p style=\"font-weight: 400;\">Assim como todos os presentes, Dom Mauro tamb\u00e9m aprovou a realiza\u00e7\u00e3o do evento: &#8220;\u00c9 uma iniciativa muito aplaudida , muito boa. Este \u00e9 um movimento que est\u00e1 expandindo devagar pelas par\u00f3quias. A partir do ECC (Encontro de Casais com Cristo), as par\u00f3quias est\u00e3o dinamizando este trabalho com a juventude. Ent\u00e3o, estamos \u00e0 caminho, gra\u00e7as a Deus. E nossa inten\u00e7\u00e3o \u00e9 intensificar cada vez mais o trabalho&#8221;, finalizou o Bispo.<\/p>\n<p>Confira as fotos na nossa p\u00e1gina do facebook.<\/p>\n<p><a href=\"https:\/\/www.facebook.com\/portalcatolicooficial\"><span style=\"color: #ff0000;\">GALERIA DE FOTOS<\/span><\/a><\/p>\n","protected":false},"excerpt":{"rendered":"<p>O Encontro de Jovens com Cristo (EJC) da Diocese de Ilh\u00e9us realizou&nbsp;neste domingo (17), o I Congresso Diocesano do EJC, na&nbsp;cidade de Ilh\u00e9us (BA), no Centro de Conven\u00e7\u00f5es. O evento iniciou \u00e0s 8h, com as devidas&nbsp;orienta\u00e7\u00f5es da coordena\u00e7\u00e3o&nbsp; para a juventude das 18 par\u00f3quias que comp\u00f5em&nbsp;a Diocese de Ilh\u00e9us e, em seguida, aconteceu a abertura&nbsp;<\/p>\n<p><a class=\"btn btn-style\" href=\"http:\/\/portalcatolico.net\/portal\/i-congresso-diocesano-do-ejc-acontece-em-ilheus\/\">Continue Reading<\/a><\/p>\n","protected":false},"author":2,"featured_media":56858,"comment_status":"open","ping_status":"open","sticky":false,"template":"","format":"standard","meta":{"footnotes":""},"categories":[65],"tags":[],"class_list":["post-56857","post","type-post","status-publish","format-standard","has-post-thumbnail","hentry","category-entrevistas"],"_links":{"self":[{"href":"http:\/\/portalcatolico.net\/portal\/wp-json\/wp\/v2\/posts\/56857","targetHints":{"allow":["GET"]}}],"collection":[{"href":"http:\/\/portalcatolico.net\/portal\/wp-json\/wp\/v2\/posts"}],"about":[{"href":"http:\/\/portalcatolico.net\/portal\/wp-json\/wp\/v2\/types\/post"}],"author":[{"embeddable":true,"href":"http:\/\/portalcatolico.net\/portal\/wp-json\/wp\/v2\/users\/2"}],"replies":[{"embeddable":true,"href":"http:\/\/portalcatolico.net\/portal\/wp-json\/wp\/v2\/comments?post=56857"}],"version-history":[{"count":4,"href":"http:\/\/portalcatolico.net\/portal\/wp-json\/wp\/v2\/posts\/56857\/revisions"}],"predecessor-version":[{"id":57015,"href":"http:\/\/portalcatolico.net\/portal\/wp-json\/wp\/v2\/posts\/56857\/revisions\/57015"}],"wp:featuredmedia":[{"embeddable":true,"href":"http:\/\/portalcatolico.net\/portal\/wp-json\/wp\/v2\/media\/56858"}],"wp:attachment":[{"href":"http:\/\/portalcatolico.net\/portal\/wp-json\/wp\/v2\/media?parent=56857"}],"wp:term":[{"taxonomy":"category","embeddable":true,"href":"http:\/\/portalcatolico.net\/portal\/wp-json\/wp\/v2\/categories?post=56857"},{"taxonomy":"post_tag","embeddable":true,"href":"http:\/\/portalcatolico.net\/portal\/wp-json\/wp\/v2\/tags?post=56857"}],"curies":[{"name":"wp","href":"https:\/\/api.w.org\/{rel}","templated":true}]}}