{"id":56686,"date":"2018-06-16T06:17:37","date_gmt":"2018-06-16T09:17:37","guid":{"rendered":"http:\/\/portalcatolico.net\/portal\/?p=56686"},"modified":"2018-06-16T06:23:30","modified_gmt":"2018-06-16T09:23:30","slug":"paroquia-nossa-senhora-de-lourdes-recebe-a-imagem-peregrina-do-senhor-bom-jesus","status":"publish","type":"post","link":"http:\/\/portalcatolico.net\/portal\/paroquia-nossa-senhora-de-lourdes-recebe-a-imagem-peregrina-do-senhor-bom-jesus\/","title":{"rendered":"Par\u00f3quia Nossa Senhora de Lourdes recebe a imagem peregrina do Senhor Bom Jesus"},"content":{"rendered":"<p><em>A cidade de Coaraci, pertencente \u00e0 Diocese de Ilh\u00e9us, no sul da Bahia, recebeu nesta sexta-feira,15&nbsp;de junho, a imagem hist\u00f3rica do Senhor Bom Jesus na Par\u00f3quia Nossa Senhora de Lourdes.&nbsp;<br \/>\nMuita alegria, f\u00e9 e devo\u00e7\u00e3o marcaram a chegada do Bom Jesus da Lapa na&nbsp;<br \/>\nIgreja Matriz que est\u00e1 comemorando o Jubileu de Ouro, pois s\u00e3o 50 anos de funda\u00e7\u00e3o e evangeliza\u00e7\u00e3o.<\/em><\/p>\n<p><em>E para abrilhantar mais essa comemora\u00e7\u00e3o, est\u00e3o sendo realizados diversos acontecimentos na igreja aniversariante.&nbsp;&nbsp;Desde&nbsp; \u00e0s 17h desta sexta-feira, v\u00e1rias pessoas j\u00e1 se aglomeravam para o grande momento da visita da imagem, que&nbsp;atraiu pessoas de outras par\u00f3quias&nbsp; de cidades circunvizinhas.<br \/>\nA Celebra\u00e7\u00e3o Eucar\u00edstica teve in\u00edcio \u00e0s 19h30min com a presid\u00eancia do&nbsp;padre<br \/>\nStanislaw Wilczek, respons\u00e1vel pelo Santu\u00e1rio do Bom Jesus da Lapa e&nbsp;concelebrada pelo&nbsp;&nbsp;Padre Edinilson Vivas Batista (p\u00e1roco), pelo padre&nbsp; mission\u00e1rio, Pe. Nilson Claudino dos Santos (Diocese de Bom Jesus da&nbsp;Lapa), e Padre Nilton Concei\u00e7\u00e3o de Souza (da par\u00f3quia Nossa Senhora do&nbsp;Perp\u00e9tuo Socorro na cidade de&nbsp; Almedina).<\/em><\/p>\n<p><em>&#8220;\u00c9 imensur\u00e1vel a nossa alegria em receber em nossa par\u00f3quia jubilar a imagem &nbsp;peregrina do Senhor Bom Jesus da Lapa. Vejo aqui uma imagem venerada por todos os baianos. Veio de longe, mas hoje est\u00e1 muito perto de n\u00f3s. Vemos nela, a lembran\u00e7a daquele que invocamos como o Senhor Bom Jesus&#8221;, disse o padre Edinilson.<\/em><\/p>\n<p><em>J\u00e1&nbsp;Stanislaw Wilczek disse: &#8220;Nunca aconteceu um momento t\u00e3o importante como esse que estamos vivenciando hoje&#8221;.<\/em><\/p>\n<p><em>Vale ressaltar que a devo\u00e7\u00e3o ao&nbsp;Senhor Bom Jesus&nbsp;possui suas ra\u00edzes em&nbsp;Portugal, de onde foi levada aos pa\u00edses de coloniza\u00e7\u00e3o portuguesa, como&nbsp;Brasil,&nbsp;Angola&nbsp;e&nbsp;A\u00e7ores. Sob essa invoca\u00e7\u00e3o, venera-se a imagem de&nbsp;Jesus Cristo, especialmente em diferentes epis\u00f3dios de sua Paix\u00e3o.<br \/>\nA imagem foi recepcionada em Coaraci, por diversos&nbsp;devotos, por volta das 18h30min. E para quem n\u00e3o p\u00f4de fazer a visita hoje, ainda d\u00e1 tempo. A imagem segue na Par\u00f3quia Nossa Senhora de Lourdes at\u00e9 domingo (17).<\/em><\/p>\n<p><em>&nbsp;<\/em><em>Foto: Padre Stanislaw <\/em><\/p>\n<p style=\"text-align: center;\"><strong><em>Confira a programa\u00e7\u00e3o<\/em><\/strong><\/p>\n<p><img loading=\"lazy\" decoding=\"async\" class=\"wp-image-56688 aligncenter\" src=\"http:\/\/portalcatolico.net\/portal\/wp-content\/uploads\/2018\/06\/35350533_896351123880271_8682066824524726272_n-212x300.jpg\" alt=\"\" width=\"711\" height=\"1006\" srcset=\"http:\/\/portalcatolico.net\/portal\/wp-content\/uploads\/2018\/06\/35350533_896351123880271_8682066824524726272_n-212x300.jpg 212w, http:\/\/portalcatolico.net\/portal\/wp-content\/uploads\/2018\/06\/35350533_896351123880271_8682066824524726272_n.jpg 678w\" sizes=\"auto, (max-width: 711px) 100vw, 711px\" \/><\/p>\n<p><em>&nbsp;<\/em><\/p>\n","protected":false},"excerpt":{"rendered":"<p>A cidade de Coaraci, pertencente \u00e0 Diocese de Ilh\u00e9us, no sul da Bahia, recebeu nesta sexta-feira,15&nbsp;de junho, a imagem hist\u00f3rica do Senhor Bom Jesus na Par\u00f3quia Nossa Senhora de Lourdes.&nbsp; Muita alegria, f\u00e9 e devo\u00e7\u00e3o marcaram a chegada do Bom Jesus da Lapa na&nbsp; Igreja Matriz que est\u00e1 comemorando o Jubileu de Ouro, pois s\u00e3o&nbsp;<\/p>\n<p><a class=\"btn btn-style\" href=\"http:\/\/portalcatolico.net\/portal\/paroquia-nossa-senhora-de-lourdes-recebe-a-imagem-peregrina-do-senhor-bom-jesus\/\">Continue Reading<\/a><\/p>\n","protected":false},"author":2,"featured_media":56687,"comment_status":"open","ping_status":"open","sticky":false,"template":"","format":"standard","meta":{"footnotes":""},"categories":[68],"tags":[],"class_list":["post-56686","post","type-post","status-publish","format-standard","has-post-thumbnail","hentry","category-homilias"],"_links":{"self":[{"href":"http:\/\/portalcatolico.net\/portal\/wp-json\/wp\/v2\/posts\/56686","targetHints":{"allow":["GET"]}}],"collection":[{"href":"http:\/\/portalcatolico.net\/portal\/wp-json\/wp\/v2\/posts"}],"about":[{"href":"http:\/\/portalcatolico.net\/portal\/wp-json\/wp\/v2\/types\/post"}],"author":[{"embeddable":true,"href":"http:\/\/portalcatolico.net\/portal\/wp-json\/wp\/v2\/users\/2"}],"replies":[{"embeddable":true,"href":"http:\/\/portalcatolico.net\/portal\/wp-json\/wp\/v2\/comments?post=56686"}],"version-history":[{"count":2,"href":"http:\/\/portalcatolico.net\/portal\/wp-json\/wp\/v2\/posts\/56686\/revisions"}],"predecessor-version":[{"id":56691,"href":"http:\/\/portalcatolico.net\/portal\/wp-json\/wp\/v2\/posts\/56686\/revisions\/56691"}],"wp:featuredmedia":[{"embeddable":true,"href":"http:\/\/portalcatolico.net\/portal\/wp-json\/wp\/v2\/media\/56687"}],"wp:attachment":[{"href":"http:\/\/portalcatolico.net\/portal\/wp-json\/wp\/v2\/media?parent=56686"}],"wp:term":[{"taxonomy":"category","embeddable":true,"href":"http:\/\/portalcatolico.net\/portal\/wp-json\/wp\/v2\/categories?post=56686"},{"taxonomy":"post_tag","embeddable":true,"href":"http:\/\/portalcatolico.net\/portal\/wp-json\/wp\/v2\/tags?post=56686"}],"curies":[{"name":"wp","href":"https:\/\/api.w.org\/{rel}","templated":true}]}}