{"id":56683,"date":"2018-06-15T06:09:54","date_gmt":"2018-06-15T09:09:54","guid":{"rendered":"http:\/\/portalcatolico.net\/portal\/?p=56683"},"modified":"2018-06-15T06:09:54","modified_gmt":"2018-06-15T09:09:54","slug":"o-maior-encontro-de-formacao-da-rcc-em-2019-esta-com-inscricoes-abertas","status":"publish","type":"post","link":"http:\/\/portalcatolico.net\/portal\/o-maior-encontro-de-formacao-da-rcc-em-2019-esta-com-inscricoes-abertas\/","title":{"rendered":"O maior encontro de forma\u00e7\u00e3o da RCC em 2019 est\u00e1 com inscri\u00e7\u00f5es abertas"},"content":{"rendered":"<p>A RCCBRASIL tem uma \u00f3tima not\u00edcia para voc\u00ea, seu Grupo de Ora\u00e7\u00e3o e Diocese: lideran\u00e7as carism\u00e1ticas de todo o Brasil j\u00e1 podem se preparar, pois est\u00e3o abertas as inscri\u00e7\u00f5es para o Encontro Nacional de Forma\u00e7\u00e3o de Coordenadores e Minist\u00e9rios,&nbsp;<a href=\"https:\/\/www.rccbrasil.org.br\/eventos\/eventos-nacionais\/66\/1\/Encontro-Nacional-de-Formacao\"><strong>o ENF 2019<\/strong><\/a>! O evento, al\u00e9m de ser a oportunidade de reflex\u00e3o e forma\u00e7\u00e3o sobre o tema vivido pelo Movimento no ano de 2019, ser\u00e1 o grande momento de celebra\u00e7\u00e3o pelos 50 anos de presen\u00e7a da Renova\u00e7\u00e3o Carism\u00e1tica Cat\u00f3lica em solo brasileiro.<\/p>\n<p>O&nbsp;<a href=\"https:\/\/www.rccbrasil.org.br\/eventos\/eventos-nacionais\/66\/1\/Encontro-Nacional-de-Formacao\">ENF 2019<\/a>&nbsp;vai acontecer na Sede da Comunidade Can\u00e7\u00e3o Nova, em Cachoeira Paulista (SP), dos dias 09 a 13 de janeiro de 2019. As inscri\u00e7\u00f5es para o&nbsp;<a href=\"https:\/\/www.rccbrasil.org.br\/eventos\/eventos-nacionais\/66\/1\/Encontro-Nacional-de-Formacao\">ENF 2019<\/a>&nbsp;foram abertas na quarta-feira (13) e foram dividas em tr\u00eas lotes, quanto antes o interessado se inscrever ser\u00e1 melhor para planejar sua viagem e participa\u00e7\u00e3o no evento.<\/p>\n<p>Na edi\u00e7\u00e3o de 2019 do evento, o ENF vai trazer diversas novidades. Patti Gallagher Mansfield ser\u00e1 uma das pregadoras do evento e participar\u00e1 das atividades celebrativas pelos 50 anos da Renova\u00e7\u00e3o Carism\u00e1tica no Brasil. Patti foi uma das participantes do retiro de Duquesne, nos Estados Unidos, marco do in\u00edcio do Movimento no mundo, h\u00e1 51 anos. Al\u00e9m dessa comemora\u00e7\u00e3o, o ENF vai abrigar dois grandes eventos do Movimento: O Retiro Nacional de Seminaristas (Renasem) e o Encontro Nacional Universidades Renovadas (ENUR).<\/p>\n<p>Na \u00faltima edi\u00e7\u00e3o, cerca de 13 mil pessoas, lideran\u00e7as do Movimento por todo o pa\u00eds, participaram do evento. Para 2019, a expectativa \u00e9 que um n\u00famero maior de pessoas participe desse momento formativo. Por isso, \u00e9 importante que quem estiver interessado garanta a sua inscri\u00e7\u00e3o. As vagas s\u00e3o limitadas!<\/p>\n<p>O tema do ENF \u00e9 o tema do ano vivido pelo Movimento em 2019. Na reuni\u00e3o do Conselho Nacional da RCCBRASIL &nbsp;(em setembro de 2018) o tema ser\u00e1 discernido e divulgado no site da RCCBRASIL.<\/p>\n<p>Participe desse ENF hist\u00f3rico! Al\u00e9m de receber muita forma\u00e7\u00e3o, os participantes do ENF viver\u00e3o grandes momentos de a\u00e7\u00e3o de Gra\u00e7as a Deus pelos 50 anos do Movimento na Terra de Santa Cruz.<\/p>\n<p>Saiba mais sobre o evento e inscreva-se agora mesmo! <a href=\"https:\/\/www.rccbrasil.org.br\/eventos\/eventos-nacionais\/66\/6\/Encontro-Nacional-de-Formacao\"><span style=\"color: #ff0000;\">INSCREVA-SE<\/span><\/a>&nbsp;<\/p>\n<p>Informa\u00e7\u00f5es no site oficial da RCCBRASIL<\/p>\n","protected":false},"excerpt":{"rendered":"<p>A RCCBRASIL tem uma \u00f3tima not\u00edcia para voc\u00ea, seu Grupo de Ora\u00e7\u00e3o e Diocese: lideran\u00e7as carism\u00e1ticas de todo o Brasil j\u00e1 podem se preparar, pois est\u00e3o abertas as inscri\u00e7\u00f5es para o Encontro Nacional de Forma\u00e7\u00e3o de Coordenadores e Minist\u00e9rios,&nbsp;o ENF 2019! O evento, al\u00e9m de ser a oportunidade de reflex\u00e3o e forma\u00e7\u00e3o sobre o tema&nbsp;<\/p>\n<p><a class=\"btn btn-style\" href=\"http:\/\/portalcatolico.net\/portal\/o-maior-encontro-de-formacao-da-rcc-em-2019-esta-com-inscricoes-abertas\/\">Continue Reading<\/a><\/p>\n","protected":false},"author":2,"featured_media":56684,"comment_status":"open","ping_status":"open","sticky":false,"template":"","format":"standard","meta":{"footnotes":""},"categories":[2],"tags":[],"class_list":["post-56683","post","type-post","status-publish","format-standard","has-post-thumbnail","hentry","category-eventos"],"_links":{"self":[{"href":"http:\/\/portalcatolico.net\/portal\/wp-json\/wp\/v2\/posts\/56683","targetHints":{"allow":["GET"]}}],"collection":[{"href":"http:\/\/portalcatolico.net\/portal\/wp-json\/wp\/v2\/posts"}],"about":[{"href":"http:\/\/portalcatolico.net\/portal\/wp-json\/wp\/v2\/types\/post"}],"author":[{"embeddable":true,"href":"http:\/\/portalcatolico.net\/portal\/wp-json\/wp\/v2\/users\/2"}],"replies":[{"embeddable":true,"href":"http:\/\/portalcatolico.net\/portal\/wp-json\/wp\/v2\/comments?post=56683"}],"version-history":[{"count":1,"href":"http:\/\/portalcatolico.net\/portal\/wp-json\/wp\/v2\/posts\/56683\/revisions"}],"predecessor-version":[{"id":56685,"href":"http:\/\/portalcatolico.net\/portal\/wp-json\/wp\/v2\/posts\/56683\/revisions\/56685"}],"wp:featuredmedia":[{"embeddable":true,"href":"http:\/\/portalcatolico.net\/portal\/wp-json\/wp\/v2\/media\/56684"}],"wp:attachment":[{"href":"http:\/\/portalcatolico.net\/portal\/wp-json\/wp\/v2\/media?parent=56683"}],"wp:term":[{"taxonomy":"category","embeddable":true,"href":"http:\/\/portalcatolico.net\/portal\/wp-json\/wp\/v2\/categories?post=56683"},{"taxonomy":"post_tag","embeddable":true,"href":"http:\/\/portalcatolico.net\/portal\/wp-json\/wp\/v2\/tags?post=56683"}],"curies":[{"name":"wp","href":"https:\/\/api.w.org\/{rel}","templated":true}]}}