{"id":56678,"date":"2018-06-14T22:09:06","date_gmt":"2018-06-15T01:09:06","guid":{"rendered":"http:\/\/portalcatolico.net\/portal\/?p=56678"},"modified":"2018-06-14T22:25:27","modified_gmt":"2018-06-15T01:25:27","slug":"paroquia-santa-rita-de-cassia-abre-inscricoes-para-o-ejc-2018","status":"publish","type":"post","link":"http:\/\/portalcatolico.net\/portal\/paroquia-santa-rita-de-cassia-abre-inscricoes-para-o-ejc-2018\/","title":{"rendered":"Par\u00f3quia Santa Rita de C\u00e1ssia abre inscri\u00e7\u00f5es para o EJC 2018"},"content":{"rendered":"<p style=\"font-weight: 400;\">As inscri\u00e7\u00f5es para participar do Encontro de Jovens com Cristo da&nbsp;Par\u00f3quia Santa Rita de C\u00e1ssia j\u00e1 est\u00e3o abertas, com o&nbsp; tema: &#8220;Jovem n\u00e3o&nbsp;temais ! Tende \u00e2nimo e vereis a liberta\u00e7\u00e3o&#8221;.<\/p>\n<p style=\"font-weight: 400;\">Os jovens entre 16 e 30 anos podem se inscrever neste&nbsp;s\u00e1bado&nbsp; (16\/06) na Igreja matriz de Santa Rita de C\u00e1ssia , \u00e0s 16h. Para&nbsp;fazer a inscri\u00e7\u00e3o \u00e9 necess\u00e1rio&nbsp; levar RG e o comprovante de resid\u00eancia.&nbsp;&nbsp;<br \/>\nO Encontro de Jovens com Cristo \u00e9 um movimento \u00e0 servi\u00e7o da Igreja&nbsp;Cat\u00f3lica Apost\u00f3lica Romana que tem como proposta anunciar e experimentar&nbsp;a beleza e a fecundidade do Evangelho de Jesus Cristo, atrav\u00e9s de&nbsp;<br \/>\npartilhas, forma\u00e7\u00f5es e ora\u00e7\u00e3o, para que os jovens amadure\u00e7am como bons&nbsp;crist\u00e3os e honestos cidad\u00e3os.<br \/>\nCaracter\u00edsticas do EJC: Ora\u00e7\u00e3o, Humildade, Simplicidade, Alegria.<\/p>\n<p style=\"font-weight: 400;\">Uma&nbsp;equipe de organizadora do evento estar\u00e1 realizando a inscri\u00e7\u00e3o no local.&nbsp;<br \/>\nO custo&nbsp; \u00e9 de apenas&nbsp; 30 reais e o pagamento pode ser feito atrav\u00e9s de cart\u00e3o de&nbsp;cr\u00e9dito.<\/p>\n<p style=\"font-weight: 400;\">A Par\u00f3quia Santa Rita de C\u00e1ssia \u00e9 pertencente \u00e0 Diocese de&nbsp;Itabuna e se localiza na Rua Juarez T\u00e1vora S\/N&nbsp; bairro S\u00e3o Caetano em&nbsp;Itabuna, no sul da Bahia.<\/p>\n<p style=\"font-weight: 400;\">O encontro acontecer\u00e1 nos dias 4 e 5 de&nbsp;&nbsp;agosto. Participe!<\/p>\n","protected":false},"excerpt":{"rendered":"<p>As inscri\u00e7\u00f5es para participar do Encontro de Jovens com Cristo da&nbsp;Par\u00f3quia Santa Rita de C\u00e1ssia j\u00e1 est\u00e3o abertas, com o&nbsp; tema: &#8220;Jovem n\u00e3o&nbsp;temais ! Tende \u00e2nimo e vereis a liberta\u00e7\u00e3o&#8221;. Os jovens entre 16 e 30 anos podem se inscrever neste&nbsp;s\u00e1bado&nbsp; (16\/06) na Igreja matriz de Santa Rita de C\u00e1ssia , \u00e0s 16h. Para&nbsp;fazer a&nbsp;<\/p>\n<p><a class=\"btn btn-style\" href=\"http:\/\/portalcatolico.net\/portal\/paroquia-santa-rita-de-cassia-abre-inscricoes-para-o-ejc-2018\/\">Continue Reading<\/a><\/p>\n","protected":false},"author":2,"featured_media":56679,"comment_status":"open","ping_status":"open","sticky":false,"template":"","format":"standard","meta":{"footnotes":""},"categories":[1],"tags":[],"class_list":["post-56678","post","type-post","status-publish","format-standard","has-post-thumbnail","hentry","category-agenda"],"_links":{"self":[{"href":"http:\/\/portalcatolico.net\/portal\/wp-json\/wp\/v2\/posts\/56678","targetHints":{"allow":["GET"]}}],"collection":[{"href":"http:\/\/portalcatolico.net\/portal\/wp-json\/wp\/v2\/posts"}],"about":[{"href":"http:\/\/portalcatolico.net\/portal\/wp-json\/wp\/v2\/types\/post"}],"author":[{"embeddable":true,"href":"http:\/\/portalcatolico.net\/portal\/wp-json\/wp\/v2\/users\/2"}],"replies":[{"embeddable":true,"href":"http:\/\/portalcatolico.net\/portal\/wp-json\/wp\/v2\/comments?post=56678"}],"version-history":[{"count":2,"href":"http:\/\/portalcatolico.net\/portal\/wp-json\/wp\/v2\/posts\/56678\/revisions"}],"predecessor-version":[{"id":56682,"href":"http:\/\/portalcatolico.net\/portal\/wp-json\/wp\/v2\/posts\/56678\/revisions\/56682"}],"wp:featuredmedia":[{"embeddable":true,"href":"http:\/\/portalcatolico.net\/portal\/wp-json\/wp\/v2\/media\/56679"}],"wp:attachment":[{"href":"http:\/\/portalcatolico.net\/portal\/wp-json\/wp\/v2\/media?parent=56678"}],"wp:term":[{"taxonomy":"category","embeddable":true,"href":"http:\/\/portalcatolico.net\/portal\/wp-json\/wp\/v2\/categories?post=56678"},{"taxonomy":"post_tag","embeddable":true,"href":"http:\/\/portalcatolico.net\/portal\/wp-json\/wp\/v2\/tags?post=56678"}],"curies":[{"name":"wp","href":"https:\/\/api.w.org\/{rel}","templated":true}]}}