{"id":56672,"date":"2018-06-14T18:23:22","date_gmt":"2018-06-14T21:23:22","guid":{"rendered":"http:\/\/portalcatolico.net\/portal\/?p=56672"},"modified":"2018-06-14T18:23:22","modified_gmt":"2018-06-14T21:23:22","slug":"i-passeio-pedalando-com-cristo","status":"publish","type":"post","link":"http:\/\/portalcatolico.net\/portal\/i-passeio-pedalando-com-cristo\/","title":{"rendered":"I PASSEIO PEDALANDO COM CRISTO"},"content":{"rendered":"<div class=\"separator\">Na manh\u00e3 do dia 13.06 o Movimento S\u00e3o Vicente de Paulo realizou o I Passeio Pedalando com Cristo com destino a Pedras de Una.<\/div>\n<div class=\"separator\">A a\u00e7\u00e3o teve como intuito divulgar o Movimento Vicentino da Par\u00f3quia S\u00e3o Jos\u00e9 (Una) e prestigiar os festejos de&#8230;<a href=\"http:\/\/www.paroquiadesaojoseunaba.com.br\/2018\/06\/i-passeio-pedalando-com-cristo.html\"><span style=\"color: #ff0000;\">continue lendo<\/span><\/a><\/div>\n","protected":false},"excerpt":{"rendered":"<p>Na manh\u00e3 do dia 13.06 o Movimento S\u00e3o Vicente de Paulo realizou o I Passeio Pedalando com Cristo com destino a Pedras de Una. A a\u00e7\u00e3o teve como intuito divulgar o Movimento Vicentino da Par\u00f3quia S\u00e3o Jos\u00e9 (Una) e prestigiar os festejos de&#8230;continue lendo<\/p>\n","protected":false},"author":2,"featured_media":56673,"comment_status":"open","ping_status":"open","sticky":false,"template":"","format":"standard","meta":{"footnotes":""},"categories":[4],"tags":[],"class_list":["post-56672","post","type-post","status-publish","format-standard","has-post-thumbnail","hentry","category-destaques"],"_links":{"self":[{"href":"http:\/\/portalcatolico.net\/portal\/wp-json\/wp\/v2\/posts\/56672","targetHints":{"allow":["GET"]}}],"collection":[{"href":"http:\/\/portalcatolico.net\/portal\/wp-json\/wp\/v2\/posts"}],"about":[{"href":"http:\/\/portalcatolico.net\/portal\/wp-json\/wp\/v2\/types\/post"}],"author":[{"embeddable":true,"href":"http:\/\/portalcatolico.net\/portal\/wp-json\/wp\/v2\/users\/2"}],"replies":[{"embeddable":true,"href":"http:\/\/portalcatolico.net\/portal\/wp-json\/wp\/v2\/comments?post=56672"}],"version-history":[{"count":1,"href":"http:\/\/portalcatolico.net\/portal\/wp-json\/wp\/v2\/posts\/56672\/revisions"}],"predecessor-version":[{"id":56674,"href":"http:\/\/portalcatolico.net\/portal\/wp-json\/wp\/v2\/posts\/56672\/revisions\/56674"}],"wp:featuredmedia":[{"embeddable":true,"href":"http:\/\/portalcatolico.net\/portal\/wp-json\/wp\/v2\/media\/56673"}],"wp:attachment":[{"href":"http:\/\/portalcatolico.net\/portal\/wp-json\/wp\/v2\/media?parent=56672"}],"wp:term":[{"taxonomy":"category","embeddable":true,"href":"http:\/\/portalcatolico.net\/portal\/wp-json\/wp\/v2\/categories?post=56672"},{"taxonomy":"post_tag","embeddable":true,"href":"http:\/\/portalcatolico.net\/portal\/wp-json\/wp\/v2\/tags?post=56672"}],"curies":[{"name":"wp","href":"https:\/\/api.w.org\/{rel}","templated":true}]}}