{"id":56654,"date":"2018-06-13T21:59:57","date_gmt":"2018-06-14T00:59:57","guid":{"rendered":"http:\/\/portalcatolico.net\/portal\/?p=56654"},"modified":"2018-06-13T22:05:50","modified_gmt":"2018-06-14T01:05:50","slug":"paroquia-santa-rita-de-cassia-celebra-santo-antonio-2","status":"publish","type":"post","link":"http:\/\/portalcatolico.net\/portal\/paroquia-santa-rita-de-cassia-celebra-santo-antonio-2\/","title":{"rendered":"Par\u00f3quia Santa Rita de C\u00e1ssia celebra Santo Ant\u00f4nio"},"content":{"rendered":"<p style=\"font-weight: 400;\">A Par\u00f3quia Santa Rita de C\u00e1ssia, em Itabuna (BA), realizou uma&nbsp;santa celebra\u00e7\u00e3o eucar\u00edstica presidida pelo vig\u00e1rio paroquial, o frei Carlos In\u00e1cio, juntamente com o frei Alberto, em homenagem ao santo do<img loading=\"lazy\" decoding=\"async\" class=\"size-medium wp-image-56656 alignright\" src=\"http:\/\/portalcatolico.net\/portal\/wp-content\/uploads\/2018\/06\/6-2-300x225.jpg\" alt=\"BEN\u00c7\u00c3O DOS P\u00c3ES \" width=\"300\" height=\"225\" srcset=\"http:\/\/portalcatolico.net\/portal\/wp-content\/uploads\/2018\/06\/6-2-300x225.jpg 300w, http:\/\/portalcatolico.net\/portal\/wp-content\/uploads\/2018\/06\/6-2-768x576.jpg 768w, http:\/\/portalcatolico.net\/portal\/wp-content\/uploads\/2018\/06\/6-2.jpg 1000w\" sizes=\"auto, (max-width: 300px) 100vw, 300px\" \/> dia: Santo Ant\u00f4nio. &nbsp;<br \/>\nO Tr\u00edduo em prepara\u00e7\u00e3o para festa de&nbsp;Santo Ant\u00f4nio teve in\u00edcio no domingo (10) e finalizou nesta noite de&nbsp;quarta-feira, 13.<br \/>\nO Tr\u00edduo e a festa de&nbsp;Santo Ant\u00f4nio foram organizados pelo Grupo Santo Ant\u00f4nio da Igreja matriz.<\/p>\n<p style=\"font-weight: 400;\">O&nbsp;<strong>Dia de Santo Ant\u00f4nio<\/strong>&nbsp;\u00e9 comemorado anualmente em&nbsp;<strong>13 de junho<\/strong>.<\/p>\n<p style=\"font-weight: 400;\">Na homilia, o frei Carlos In\u00e1cio contou um pouco da hist\u00f3ria do santo homenageado. Santo Ant\u00f4nio de Lisboa, ou Santo Ant\u00f4nio de P\u00e1dua nasceu em Lisboa no dia 15 de agosto, provavelmente entre os anos de 1191 e 1195. Este \u00e9 considerado um dos santos mais populares entre os brasileiros e portugueses. No Brasil, Santo Ant\u00f4nio \u00e9 conhecido por ser o&nbsp;<strong>&#8220;Santo Casamenteiro&#8221;<\/strong><strong>,<\/strong>&nbsp;sendo que o&nbsp;<strong>Dia dos Namorados<\/strong>&nbsp;\u00e9 comemorado no dia 12 de junho no Brasil por ser a v\u00e9spera do Dia de Santo Ant\u00f4nio.<\/p>\n<p><img loading=\"lazy\" decoding=\"async\" class=\"wp-image-56658 aligncenter\" src=\"http:\/\/portalcatolico.net\/portal\/wp-content\/uploads\/2018\/06\/2-6-300x225.jpg\" alt=\"\" width=\"701\" height=\"526\" srcset=\"http:\/\/portalcatolico.net\/portal\/wp-content\/uploads\/2018\/06\/2-6-300x225.jpg 300w, http:\/\/portalcatolico.net\/portal\/wp-content\/uploads\/2018\/06\/2-6-768x576.jpg 768w, http:\/\/portalcatolico.net\/portal\/wp-content\/uploads\/2018\/06\/2-6.jpg 1000w\" sizes=\"auto, (max-width: 701px) 100vw, 701px\" \/> <img loading=\"lazy\" decoding=\"async\" class=\"wp-image-56659 aligncenter\" src=\"http:\/\/portalcatolico.net\/portal\/wp-content\/uploads\/2018\/06\/3-2-300x225.jpg\" alt=\"\" width=\"719\" height=\"539\" srcset=\"http:\/\/portalcatolico.net\/portal\/wp-content\/uploads\/2018\/06\/3-2-300x225.jpg 300w, http:\/\/portalcatolico.net\/portal\/wp-content\/uploads\/2018\/06\/3-2-768x576.jpg 768w, http:\/\/portalcatolico.net\/portal\/wp-content\/uploads\/2018\/06\/3-2.jpg 1000w\" sizes=\"auto, (max-width: 719px) 100vw, 719px\" \/> <img loading=\"lazy\" decoding=\"async\" class=\"wp-image-56661 aligncenter\" src=\"http:\/\/portalcatolico.net\/portal\/wp-content\/uploads\/2018\/06\/4-3-300x225.jpg\" alt=\"\" width=\"729\" height=\"547\" srcset=\"http:\/\/portalcatolico.net\/portal\/wp-content\/uploads\/2018\/06\/4-3-300x225.jpg 300w, http:\/\/portalcatolico.net\/portal\/wp-content\/uploads\/2018\/06\/4-3-768x576.jpg 768w, http:\/\/portalcatolico.net\/portal\/wp-content\/uploads\/2018\/06\/4-3.jpg 1000w\" sizes=\"auto, (max-width: 729px) 100vw, 729px\" \/>&nbsp;<img loading=\"lazy\" decoding=\"async\" class=\"wp-image-56662 aligncenter\" src=\"http:\/\/portalcatolico.net\/portal\/wp-content\/uploads\/2018\/06\/5-3-300x225.jpg\" alt=\"\" width=\"731\" height=\"548\" srcset=\"http:\/\/portalcatolico.net\/portal\/wp-content\/uploads\/2018\/06\/5-3-300x225.jpg 300w, http:\/\/portalcatolico.net\/portal\/wp-content\/uploads\/2018\/06\/5-3-768x576.jpg 768w, http:\/\/portalcatolico.net\/portal\/wp-content\/uploads\/2018\/06\/5-3.jpg 1000w\" sizes=\"auto, (max-width: 731px) 100vw, 731px\" \/><\/p>\n","protected":false},"excerpt":{"rendered":"<p>A Par\u00f3quia Santa Rita de C\u00e1ssia, em Itabuna (BA), realizou uma&nbsp;santa celebra\u00e7\u00e3o eucar\u00edstica presidida pelo vig\u00e1rio paroquial, o frei Carlos In\u00e1cio, juntamente com o frei Alberto, em homenagem ao santo do dia: Santo Ant\u00f4nio. &nbsp; O Tr\u00edduo em prepara\u00e7\u00e3o para festa de&nbsp;Santo Ant\u00f4nio teve in\u00edcio no domingo (10) e finalizou nesta noite de&nbsp;quarta-feira, 13. O&nbsp;<\/p>\n<p><a class=\"btn btn-style\" href=\"http:\/\/portalcatolico.net\/portal\/paroquia-santa-rita-de-cassia-celebra-santo-antonio-2\/\">Continue Reading<\/a><\/p>\n","protected":false},"author":2,"featured_media":56655,"comment_status":"open","ping_status":"open","sticky":false,"template":"","format":"standard","meta":{"footnotes":""},"categories":[68],"tags":[],"class_list":["post-56654","post","type-post","status-publish","format-standard","has-post-thumbnail","hentry","category-homilias"],"_links":{"self":[{"href":"http:\/\/portalcatolico.net\/portal\/wp-json\/wp\/v2\/posts\/56654","targetHints":{"allow":["GET"]}}],"collection":[{"href":"http:\/\/portalcatolico.net\/portal\/wp-json\/wp\/v2\/posts"}],"about":[{"href":"http:\/\/portalcatolico.net\/portal\/wp-json\/wp\/v2\/types\/post"}],"author":[{"embeddable":true,"href":"http:\/\/portalcatolico.net\/portal\/wp-json\/wp\/v2\/users\/2"}],"replies":[{"embeddable":true,"href":"http:\/\/portalcatolico.net\/portal\/wp-json\/wp\/v2\/comments?post=56654"}],"version-history":[{"count":3,"href":"http:\/\/portalcatolico.net\/portal\/wp-json\/wp\/v2\/posts\/56654\/revisions"}],"predecessor-version":[{"id":56663,"href":"http:\/\/portalcatolico.net\/portal\/wp-json\/wp\/v2\/posts\/56654\/revisions\/56663"}],"wp:featuredmedia":[{"embeddable":true,"href":"http:\/\/portalcatolico.net\/portal\/wp-json\/wp\/v2\/media\/56655"}],"wp:attachment":[{"href":"http:\/\/portalcatolico.net\/portal\/wp-json\/wp\/v2\/media?parent=56654"}],"wp:term":[{"taxonomy":"category","embeddable":true,"href":"http:\/\/portalcatolico.net\/portal\/wp-json\/wp\/v2\/categories?post=56654"},{"taxonomy":"post_tag","embeddable":true,"href":"http:\/\/portalcatolico.net\/portal\/wp-json\/wp\/v2\/tags?post=56654"}],"curies":[{"name":"wp","href":"https:\/\/api.w.org\/{rel}","templated":true}]}}