{"id":56649,"date":"2018-06-13T21:51:31","date_gmt":"2018-06-14T00:51:31","guid":{"rendered":"http:\/\/portalcatolico.net\/portal\/?p=56649"},"modified":"2018-06-13T22:21:22","modified_gmt":"2018-06-14T01:21:22","slug":"1o-congresso-do-ejc-acontece-em-ilheus-neste-domingo","status":"publish","type":"post","link":"http:\/\/portalcatolico.net\/portal\/1o-congresso-do-ejc-acontece-em-ilheus-neste-domingo\/","title":{"rendered":"1\u00ba  Congresso do EJC acontece em Ilh\u00e9us neste domingo"},"content":{"rendered":"<p><em>A Diocese de Ilh\u00e9us e&nbsp; o EJC (Encontro de Jovens Com Cristo) ,&nbsp;realizar\u00e3o no pr\u00f3ximo domingo, 17&nbsp; de junho, o 1\u00ba&nbsp; Congresso do EJC, com&nbsp; o tema: \u201cJovens conectados&nbsp; a Cristo, sal da terra e luz do Mundo\u201d.<\/em><\/p>\n<p><em>O evento \u00e9 uma oportunidade de proporcionar aos&nbsp; jovens e casais da&nbsp;Diocese de Ilh\u00e9us, no sul da Bahia, uma renova\u00e7\u00e3o do primeiro encontro&nbsp;que&nbsp;eles tiveram com Deus, aprofundando a f\u00e9 e buscando solu\u00e7\u00f5es para&nbsp;superar as dificuldades que ainda os impedem de vivenciar tal encontro&nbsp;em&nbsp;toda a vida.<\/em><\/p>\n<p><em>A programa\u00e7\u00e3o come\u00e7ar\u00e1 \u00e0s 9h e encerrar\u00e1 \u00e0s 15h30 com a missa de encerramento presidida pelo Bispo da Diocese de Ilh\u00e9us, Dom Mauro Montagnoli. (Confira a programa\u00e7\u00e3o completa no cartaz de divulga\u00e7\u00e3o).<\/em><\/p>\n<p><em>O evento ter\u00e1 a participa\u00e7\u00e3o do Minist\u00e9rio Adora\u00e7\u00e3o e Vida e ser\u00e1&nbsp;realizado no Centro de Conven\u00e7\u00f5es de Ilh\u00e9us.<\/em><\/p>\n<p><em>Vale ressaltar que este evento tem como p\u00fablico-alvo os membros do EJC de Ilh\u00e9us, mas, obviamente, contar\u00e1 com participa\u00e7\u00f5es de convidados de outras dioceses.<\/em><\/p>\n<p style=\"text-align: center;\"><strong>Confira a programa\u00e7\u00e3o&nbsp;<\/strong><\/p>\n<p><img loading=\"lazy\" decoding=\"async\" class=\"wp-image-56652 aligncenter\" src=\"http:\/\/portalcatolico.net\/portal\/wp-content\/uploads\/2018\/06\/IMG-20180424-WA0002-300x210.jpg\" alt=\"\" width=\"729\" height=\"510\" srcset=\"http:\/\/portalcatolico.net\/portal\/wp-content\/uploads\/2018\/06\/IMG-20180424-WA0002-300x210.jpg 300w, http:\/\/portalcatolico.net\/portal\/wp-content\/uploads\/2018\/06\/IMG-20180424-WA0002-768x538.jpg 768w, http:\/\/portalcatolico.net\/portal\/wp-content\/uploads\/2018\/06\/IMG-20180424-WA0002-1024x717.jpg 1024w, http:\/\/portalcatolico.net\/portal\/wp-content\/uploads\/2018\/06\/IMG-20180424-WA0002.jpg 1280w\" sizes=\"auto, (max-width: 729px) 100vw, 729px\" \/><\/p>\n","protected":false},"excerpt":{"rendered":"<p>A Diocese de Ilh\u00e9us e&nbsp; o EJC (Encontro de Jovens Com Cristo) ,&nbsp;realizar\u00e3o no pr\u00f3ximo domingo, 17&nbsp; de junho, o 1\u00ba&nbsp; Congresso do EJC, com&nbsp; o tema: \u201cJovens conectados&nbsp; a Cristo, sal da terra e luz do Mundo\u201d. O evento \u00e9 uma oportunidade de proporcionar aos&nbsp; jovens e casais da&nbsp;Diocese de Ilh\u00e9us, no sul da&nbsp;<\/p>\n<p><a class=\"btn btn-style\" href=\"http:\/\/portalcatolico.net\/portal\/1o-congresso-do-ejc-acontece-em-ilheus-neste-domingo\/\">Continue Reading<\/a><\/p>\n","protected":false},"author":2,"featured_media":56651,"comment_status":"open","ping_status":"open","sticky":false,"template":"","format":"standard","meta":{"footnotes":""},"categories":[1],"tags":[],"class_list":["post-56649","post","type-post","status-publish","format-standard","has-post-thumbnail","hentry","category-agenda"],"_links":{"self":[{"href":"http:\/\/portalcatolico.net\/portal\/wp-json\/wp\/v2\/posts\/56649","targetHints":{"allow":["GET"]}}],"collection":[{"href":"http:\/\/portalcatolico.net\/portal\/wp-json\/wp\/v2\/posts"}],"about":[{"href":"http:\/\/portalcatolico.net\/portal\/wp-json\/wp\/v2\/types\/post"}],"author":[{"embeddable":true,"href":"http:\/\/portalcatolico.net\/portal\/wp-json\/wp\/v2\/users\/2"}],"replies":[{"embeddable":true,"href":"http:\/\/portalcatolico.net\/portal\/wp-json\/wp\/v2\/comments?post=56649"}],"version-history":[{"count":2,"href":"http:\/\/portalcatolico.net\/portal\/wp-json\/wp\/v2\/posts\/56649\/revisions"}],"predecessor-version":[{"id":56665,"href":"http:\/\/portalcatolico.net\/portal\/wp-json\/wp\/v2\/posts\/56649\/revisions\/56665"}],"wp:featuredmedia":[{"embeddable":true,"href":"http:\/\/portalcatolico.net\/portal\/wp-json\/wp\/v2\/media\/56651"}],"wp:attachment":[{"href":"http:\/\/portalcatolico.net\/portal\/wp-json\/wp\/v2\/media?parent=56649"}],"wp:term":[{"taxonomy":"category","embeddable":true,"href":"http:\/\/portalcatolico.net\/portal\/wp-json\/wp\/v2\/categories?post=56649"},{"taxonomy":"post_tag","embeddable":true,"href":"http:\/\/portalcatolico.net\/portal\/wp-json\/wp\/v2\/tags?post=56649"}],"curies":[{"name":"wp","href":"https:\/\/api.w.org\/{rel}","templated":true}]}}