{"id":56642,"date":"2018-06-13T18:48:01","date_gmt":"2018-06-13T21:48:01","guid":{"rendered":"http:\/\/portalcatolico.net\/portal\/?p=56642"},"modified":"2018-06-13T18:48:01","modified_gmt":"2018-06-13T21:48:01","slug":"paroquia-em-itabuna-realiza-missa-do-amor-no-dia-dos-namorados","status":"publish","type":"post","link":"http:\/\/portalcatolico.net\/portal\/paroquia-em-itabuna-realiza-missa-do-amor-no-dia-dos-namorados\/","title":{"rendered":"Par\u00f3quia em Itabuna realiza Missa do Amor no Dia dos Namorados"},"content":{"rendered":"<p class=\"m_-5606882698975919957xmsonormal\"><em>Para comemorar o Dia dos Namorados, nesta ter\u00e7a-feira, 12 de junho, a Par\u00f3quia Nossa Senhora da Concei\u00e7\u00e3o&nbsp;&nbsp;promoveu a &#8220;1\u00aa missa do amor&#8221;, uma Santa Missa \u00e0s 19h, com ben\u00e7\u00e3o para todos os casais de namorados, noivos e casados, logo ap\u00f3s a homilia.<u><\/u><u><\/u><\/em><\/p>\n<p class=\"m_-5606882698975919957xmsonormal\"><em>O louvor foi conduzido pelo Minist\u00e9rio de M\u00fasica do Miguel Arcanjo. Na oportunidade, padre Jos\u00e9 Roberto&nbsp;&nbsp;agradeceu a presen\u00e7a de todos os casais, destacando a escolha que fizeram por participarem de uma missa especial e por receberem uma ben\u00e7\u00e3o numa data em que se celebram os relacionamentos e dia dos namorados.<\/em><u><\/u><u><\/u><\/p>\n<p class=\"m_-5606882698975919957xgmail-msonospacing\">&nbsp;<em>Padre Chrystian Shankar,&nbsp;&nbsp;da Can\u00e7\u00e3o Nova, em sua homilia falou:&nbsp;&nbsp; \u201cH\u00e1 muitos casamentos que terminam, porque os dois t\u00eam fome de amor, de abra\u00e7o, prote\u00e7\u00e3o, carinho e presen\u00e7a. Casamento vazio n\u00e3o para em p\u00e9. Seu casamento tem fome de qu\u00ea? Posi\u00e7\u00e3o social, apartamento, carro\u2026?&nbsp;Seu casamento precisa ter fome de Deus, voc\u00eas precisam rezar mais!&nbsp;A mulher precisa de um esposo que seja de Deus, que seja carinhoso, gentil e cordial. O marido precisa de uma mulher que, antes de ser boa esposa, seja uma mulher de Deus.<\/em><u><\/u><u><\/u><\/p>\n<p class=\"m_-5606882698975919957xgmail-msonospacing\"><em>Voc\u00ea n\u00e3o pode se cansar de rezar por seu esposo. A sua ora\u00e7\u00e3o \u00e9 comida, rem\u00e9dio, amor e sustento para seu esposo. \u00c9 feliz a esposa que tem um marido que reza por ela! Quem reza \u00e9 mais feliz.A Palavra nos diz que o Senhor \u00e9 justo e bom, e esses s\u00e3o dois grandes atributos de Deus. Seja justo com sua esposa, mas n\u00e3o deixe de ser bom. O amor conjugal \u00e9 o ponto de equil\u00edbrio; na fam\u00edlia, onde h\u00e1 justi\u00e7a e bondade n\u00e3o h\u00e1 fome.\u201d<\/em><\/p>\n<p>Fotos:K\u00e1tia Paim<\/p>\n<p><img loading=\"lazy\" decoding=\"async\" class=\"alignnone size-medium wp-image-56644\" src=\"http:\/\/portalcatolico.net\/portal\/wp-content\/uploads\/2018\/06\/35162100_217488532380326_6592838725653233664_n-1-300x169.jpg\" alt=\"\" width=\"300\" height=\"169\" srcset=\"http:\/\/portalcatolico.net\/portal\/wp-content\/uploads\/2018\/06\/35162100_217488532380326_6592838725653233664_n-1-300x169.jpg 300w, http:\/\/portalcatolico.net\/portal\/wp-content\/uploads\/2018\/06\/35162100_217488532380326_6592838725653233664_n-1-768x432.jpg 768w, http:\/\/portalcatolico.net\/portal\/wp-content\/uploads\/2018\/06\/35162100_217488532380326_6592838725653233664_n-1-1024x576.jpg 1024w, http:\/\/portalcatolico.net\/portal\/wp-content\/uploads\/2018\/06\/35162100_217488532380326_6592838725653233664_n-1.jpg 1280w\" sizes=\"auto, (max-width: 300px) 100vw, 300px\" \/> <img loading=\"lazy\" decoding=\"async\" class=\"alignnone size-medium wp-image-56645\" src=\"http:\/\/portalcatolico.net\/portal\/wp-content\/uploads\/2018\/06\/35224851_217487455713767_6907547897307332608_n-300x169.jpg\" alt=\"\" width=\"300\" height=\"169\" srcset=\"http:\/\/portalcatolico.net\/portal\/wp-content\/uploads\/2018\/06\/35224851_217487455713767_6907547897307332608_n-300x169.jpg 300w, http:\/\/portalcatolico.net\/portal\/wp-content\/uploads\/2018\/06\/35224851_217487455713767_6907547897307332608_n-768x432.jpg 768w, http:\/\/portalcatolico.net\/portal\/wp-content\/uploads\/2018\/06\/35224851_217487455713767_6907547897307332608_n-1024x576.jpg 1024w, http:\/\/portalcatolico.net\/portal\/wp-content\/uploads\/2018\/06\/35224851_217487455713767_6907547897307332608_n.jpg 1280w\" sizes=\"auto, (max-width: 300px) 100vw, 300px\" \/> <img loading=\"lazy\" decoding=\"async\" class=\"alignnone size-medium wp-image-56646\" src=\"http:\/\/portalcatolico.net\/portal\/wp-content\/uploads\/2018\/06\/35226972_217487859047060_4445460446085906432_n-300x169.jpg\" alt=\"\" width=\"300\" height=\"169\" srcset=\"http:\/\/portalcatolico.net\/portal\/wp-content\/uploads\/2018\/06\/35226972_217487859047060_4445460446085906432_n-300x169.jpg 300w, http:\/\/portalcatolico.net\/portal\/wp-content\/uploads\/2018\/06\/35226972_217487859047060_4445460446085906432_n-768x432.jpg 768w, http:\/\/portalcatolico.net\/portal\/wp-content\/uploads\/2018\/06\/35226972_217487859047060_4445460446085906432_n-1024x576.jpg 1024w, http:\/\/portalcatolico.net\/portal\/wp-content\/uploads\/2018\/06\/35226972_217487859047060_4445460446085906432_n.jpg 1280w\" sizes=\"auto, (max-width: 300px) 100vw, 300px\" \/> <img loading=\"lazy\" decoding=\"async\" class=\"alignnone size-medium wp-image-56647\" src=\"http:\/\/portalcatolico.net\/portal\/wp-content\/uploads\/2018\/06\/35240214_217487962380383_7861562156402081792_n-300x169.jpg\" alt=\"\" width=\"300\" height=\"169\" srcset=\"http:\/\/portalcatolico.net\/portal\/wp-content\/uploads\/2018\/06\/35240214_217487962380383_7861562156402081792_n-300x169.jpg 300w, http:\/\/portalcatolico.net\/portal\/wp-content\/uploads\/2018\/06\/35240214_217487962380383_7861562156402081792_n-768x432.jpg 768w, http:\/\/portalcatolico.net\/portal\/wp-content\/uploads\/2018\/06\/35240214_217487962380383_7861562156402081792_n-1024x576.jpg 1024w, http:\/\/portalcatolico.net\/portal\/wp-content\/uploads\/2018\/06\/35240214_217487962380383_7861562156402081792_n.jpg 1280w\" sizes=\"auto, (max-width: 300px) 100vw, 300px\" \/><\/p>\n","protected":false},"excerpt":{"rendered":"<p>Para comemorar o Dia dos Namorados, nesta ter\u00e7a-feira, 12 de junho, a Par\u00f3quia Nossa Senhora da Concei\u00e7\u00e3o&nbsp;&nbsp;promoveu a &#8220;1\u00aa missa do amor&#8221;, uma Santa Missa \u00e0s 19h, com ben\u00e7\u00e3o para todos os casais de namorados, noivos e casados, logo ap\u00f3s a homilia. O louvor foi conduzido pelo Minist\u00e9rio de M\u00fasica do Miguel Arcanjo. Na oportunidade,&nbsp;<\/p>\n<p><a class=\"btn btn-style\" href=\"http:\/\/portalcatolico.net\/portal\/paroquia-em-itabuna-realiza-missa-do-amor-no-dia-dos-namorados\/\">Continue Reading<\/a><\/p>\n","protected":false},"author":2,"featured_media":56643,"comment_status":"open","ping_status":"open","sticky":false,"template":"","format":"standard","meta":{"footnotes":""},"categories":[68],"tags":[],"class_list":["post-56642","post","type-post","status-publish","format-standard","has-post-thumbnail","hentry","category-homilias"],"_links":{"self":[{"href":"http:\/\/portalcatolico.net\/portal\/wp-json\/wp\/v2\/posts\/56642","targetHints":{"allow":["GET"]}}],"collection":[{"href":"http:\/\/portalcatolico.net\/portal\/wp-json\/wp\/v2\/posts"}],"about":[{"href":"http:\/\/portalcatolico.net\/portal\/wp-json\/wp\/v2\/types\/post"}],"author":[{"embeddable":true,"href":"http:\/\/portalcatolico.net\/portal\/wp-json\/wp\/v2\/users\/2"}],"replies":[{"embeddable":true,"href":"http:\/\/portalcatolico.net\/portal\/wp-json\/wp\/v2\/comments?post=56642"}],"version-history":[{"count":1,"href":"http:\/\/portalcatolico.net\/portal\/wp-json\/wp\/v2\/posts\/56642\/revisions"}],"predecessor-version":[{"id":56648,"href":"http:\/\/portalcatolico.net\/portal\/wp-json\/wp\/v2\/posts\/56642\/revisions\/56648"}],"wp:featuredmedia":[{"embeddable":true,"href":"http:\/\/portalcatolico.net\/portal\/wp-json\/wp\/v2\/media\/56643"}],"wp:attachment":[{"href":"http:\/\/portalcatolico.net\/portal\/wp-json\/wp\/v2\/media?parent=56642"}],"wp:term":[{"taxonomy":"category","embeddable":true,"href":"http:\/\/portalcatolico.net\/portal\/wp-json\/wp\/v2\/categories?post=56642"},{"taxonomy":"post_tag","embeddable":true,"href":"http:\/\/portalcatolico.net\/portal\/wp-json\/wp\/v2\/tags?post=56642"}],"curies":[{"name":"wp","href":"https:\/\/api.w.org\/{rel}","templated":true}]}}