{"id":56639,"date":"2018-06-13T00:05:44","date_gmt":"2018-06-13T03:05:44","guid":{"rendered":"http:\/\/portalcatolico.net\/portal\/?p=56639"},"modified":"2018-06-13T06:16:18","modified_gmt":"2018-06-13T09:16:18","slug":"futura-beata-conchita-mae-tambem-para-os-sacerdotes","status":"publish","type":"post","link":"http:\/\/portalcatolico.net\/portal\/futura-beata-conchita-mae-tambem-para-os-sacerdotes\/","title":{"rendered":"Futura Beata Conchita: m\u00e3e tamb\u00e9m para os sacerdotes"},"content":{"rendered":"<p>Na entrevista concedida pelo postulador da causa de beatifica\u00e7\u00e3o de Mar\u00eda Concepci\u00f3n Cabrera Arias de Armida , padre Alfredo Jos\u00e9 Ancona C\u00e0mara, repassamos a vida de Conchita, m\u00e3e de nove filhos, uma mulher apaixonada pela Eucaristia.<\/p>\n<p>&#8220;Extraordin\u00e1ria no meio do extraordin\u00e1rio&#8221;: assim \u00e9 recordada&nbsp;<b>Mar\u00eda Concepci\u00f3n Cabrera Arias de Armida<\/b>, conhecida por todos como &#8220;Conchita&#8221;. Nascida em San Luis Potos\u00ed, M\u00e9xico, em 8 de dezembro de 1862, morreu na Cidade do M\u00e9xico em 3 de mar\u00e7o de 1937. Em 8 de junho passado, o Papa Francisco autorizou o decreto que ir\u00e1 torn\u00e1-la Beata.<\/p>\n<h2>&#8220;A tua miss\u00e3o \u00e9 salvar almas&#8221;<\/h2>\n<p>Esta \u00e9 a sugest\u00e3o que veio do Senhor para a sua vida, dedicada aos filhos e ao mesmo tempo sendo fonte inspiradora para o minist\u00e9rio de muitos sacerdotes.<\/p>\n<p>Ela deu in\u00edcio \u00e0s duas primeiras obras da Cruz: O Apostolado da Cruz e as Religiosas da Cruz do Sagrado Cora\u00e7\u00e3o de Jesus.<\/p>\n<p>\u201c\u00c9 uma mulher que em sua vida viveu uma santidade di\u00e1ria&#8221;, diz o padre&nbsp;<b>Jos\u00e9 Alfredo Ancona Camara<\/b>, postulador da causa de beatifica\u00e7\u00e3o da Conchita.<\/p>\n<p>R.&nbsp;<i>&#8211; Conchita teve nove filhos. Uma filha tornou-se religiosa da Cruz e um filho tornou-se padre jesu\u00edta. Dois morreram pequenos e os outros se casaram e tiveram filhos. Como uma grande fam\u00edlia, eles viveram na Cidade do M\u00e9xico<\/i>.<\/p>\n<p><b>Esta sua miss\u00e3o, tamb\u00e9m por ser m\u00e3e de sacerdotes, como nasceu?<\/b><\/p>\n<p>R.&nbsp;<i>&#8211; Ela nasceu pela sua espiritualidade &#8220;totalmente sacerdotal&#8221;. Todas as obras que ela fundou tinham essa miss\u00e3o: rezar pelos sacerdotes, para ajud\u00e1-los. As Religiosas da Cruz do Sagrado Cora\u00e7\u00e3o de Jesus s\u00e3o uma Congrega\u00e7\u00e3o contemplativa fundada por ela. A miss\u00e3o desta Congrega\u00e7\u00e3o \u00e9, de fato, rezar pelos sacerdotes. Os Mission\u00e1rios do Esp\u00edrito Santo, outra Congrega\u00e7\u00e3o religiosa fundada por ela, t\u00eam como miss\u00e3o a de servir aos sacerdotes de todas as formas poss\u00edveis. Tamb\u00e9m as outras obras t\u00eam esse prop\u00f3sito muito sacerdotal de rezar pelos sacerdotes, mas tamb\u00e9m de ajud\u00e1-los em suas miss\u00f5es, nas coisas que fazem. \u00c9 por isso que dizemos que \u00e9 um trabalho muito sacerdotal.<\/i><\/p>\n<p><b>Como est\u00e1 a prepara\u00e7\u00e3o para essa beatifica\u00e7\u00e3o? E quanto Conchita \u00e9 conhecida no M\u00e9xico?<\/b><\/p>\n<p>R. &#8211;&nbsp;<i>No M\u00e9xico \u00e9 muito conhecida, porque as religiosas da Cruz e os mission\u00e1rios do Esp\u00edrito Santo est\u00e3o muito presentes no pa\u00eds. Tamb\u00e9m a fam\u00edlia da Cruz, composta por 17 institutos espalhados por v\u00e1rias partes do mundo, foi criado gra\u00e7as \u00e0 inspira\u00e7\u00e3o de Conchita que trouxe esta espiritualidade que vivemos em todos os institutos no mundo. Por isso foram apenas cinco obras, mas h\u00e1 outras que os mission\u00e1rios do Esp\u00edrito Santo e outras religiosas fundaram na Igreja.<\/i><\/p>\n<p><b>O milagre que permitiu a beatifica\u00e7\u00e3o da Maria Concei\u00e7\u00e3o, o que \u00e9 isso?<\/b><\/p>\n<p>R. &#8211;&nbsp;<i>O milagre \u00e9 esse. Um senhor chamado Jorge que morava em Monterrey, estava doente h\u00e1 15 anos; ele tinha fortes c\u00e3ibras que o impediam de fazer movimentos, ele n\u00e3o conseguia se mexer, era uma enfermidade muito dolorosa. Durante a \u00faltima hospitaliza\u00e7\u00e3o, rezaram a Conchita pela sua cura. Enquanto ele dormia, sua esposa e um amigo viram que ele estava come\u00e7ando a se mexer. Ent\u00e3o tiraram fotos e, com um celular, filmaram o que estava acontecendo. Quando ele acordou, disse: &#8220;O que fizeram comigo? Eu posso me mover&#8221;. E tamb\u00e9m conseguiu andar. Foi muito emocionante para ele ver que ele estava curado. Este foi o milagre que tornou poss\u00edvel a beatifica\u00e7\u00e3o.<\/i><\/p>\n<p><b>Por Benedetta Capelli<\/b><\/p>\n<p>Fonte: Vatican News<\/p>\n","protected":false},"excerpt":{"rendered":"<p>Na entrevista concedida pelo postulador da causa de beatifica\u00e7\u00e3o de Mar\u00eda Concepci\u00f3n Cabrera Arias de Armida , padre Alfredo Jos\u00e9 Ancona C\u00e0mara, repassamos a vida de Conchita, m\u00e3e de nove filhos, uma mulher apaixonada pela Eucaristia. &#8220;Extraordin\u00e1ria no meio do extraordin\u00e1rio&#8221;: assim \u00e9 recordada&nbsp;Mar\u00eda Concepci\u00f3n Cabrera Arias de Armida, conhecida por todos como &#8220;Conchita&#8221;. Nascida&nbsp;<\/p>\n<p><a class=\"btn btn-style\" href=\"http:\/\/portalcatolico.net\/portal\/futura-beata-conchita-mae-tambem-para-os-sacerdotes\/\">Continue Reading<\/a><\/p>\n","protected":false},"author":2,"featured_media":56640,"comment_status":"open","ping_status":"open","sticky":false,"template":"","format":"standard","meta":{"footnotes":""},"categories":[65,5],"tags":[],"class_list":["post-56639","post","type-post","status-publish","format-standard","has-post-thumbnail","hentry","category-entrevistas","category-igreja_no_mundo"],"_links":{"self":[{"href":"http:\/\/portalcatolico.net\/portal\/wp-json\/wp\/v2\/posts\/56639","targetHints":{"allow":["GET"]}}],"collection":[{"href":"http:\/\/portalcatolico.net\/portal\/wp-json\/wp\/v2\/posts"}],"about":[{"href":"http:\/\/portalcatolico.net\/portal\/wp-json\/wp\/v2\/types\/post"}],"author":[{"embeddable":true,"href":"http:\/\/portalcatolico.net\/portal\/wp-json\/wp\/v2\/users\/2"}],"replies":[{"embeddable":true,"href":"http:\/\/portalcatolico.net\/portal\/wp-json\/wp\/v2\/comments?post=56639"}],"version-history":[{"count":1,"href":"http:\/\/portalcatolico.net\/portal\/wp-json\/wp\/v2\/posts\/56639\/revisions"}],"predecessor-version":[{"id":56641,"href":"http:\/\/portalcatolico.net\/portal\/wp-json\/wp\/v2\/posts\/56639\/revisions\/56641"}],"wp:featuredmedia":[{"embeddable":true,"href":"http:\/\/portalcatolico.net\/portal\/wp-json\/wp\/v2\/media\/56640"}],"wp:attachment":[{"href":"http:\/\/portalcatolico.net\/portal\/wp-json\/wp\/v2\/media?parent=56639"}],"wp:term":[{"taxonomy":"category","embeddable":true,"href":"http:\/\/portalcatolico.net\/portal\/wp-json\/wp\/v2\/categories?post=56639"},{"taxonomy":"post_tag","embeddable":true,"href":"http:\/\/portalcatolico.net\/portal\/wp-json\/wp\/v2\/tags?post=56639"}],"curies":[{"name":"wp","href":"https:\/\/api.w.org\/{rel}","templated":true}]}}