{"id":56636,"date":"2018-06-12T20:43:25","date_gmt":"2018-06-12T23:43:25","guid":{"rendered":"http:\/\/portalcatolico.net\/portal\/?p=56636"},"modified":"2018-06-12T20:44:00","modified_gmt":"2018-06-12T23:44:00","slug":"documento-preparatorio-do-sinodo-para-a-amazonia-e-lancado-em-coletiva-de-imprensa-em-brasilia","status":"publish","type":"post","link":"http:\/\/portalcatolico.net\/portal\/documento-preparatorio-do-sinodo-para-a-amazonia-e-lancado-em-coletiva-de-imprensa-em-brasilia\/","title":{"rendered":"Documento Preparat\u00f3rio do S\u00ednodo para a Amaz\u00f4nia \u00e9 lan\u00e7ado em coletiva de imprensa, em Bras\u00edlia"},"content":{"rendered":"<p>O Documento Preparat\u00f3rio do S\u00ednodo para a Amaz\u00f4nia foi apresentado pela Rede Eclesial Pan-Amaz\u00f4nica (REPAM), juntamente com a Comiss\u00e3o Episcopal para a Amaz\u00f4nia, institui\u00e7\u00f5es parceiras e pastorais para divulgar o material que j\u00e1 est\u00e1 dispon\u00edvel.<\/p>\n<p>Dom Leonardo Steiner, secret\u00e1rio-geral da Confer\u00eancia Nacional dos Bispos do Brasil (CNBB), presidiu a celebra\u00e7\u00e3o de abertura do evento na sexta-feira,&nbsp;8 de junho, no audit\u00f3rio da CNBB, em Bras\u00edlia e em seguida falou da import\u00e2ncia da realiza\u00e7\u00e3o do S\u00ednodo para a Amaz\u00f4nia. Para ele, \u00e9 vital que seja realizada essa Assembleia Sinodal, j\u00e1 que a realidade da Amaz\u00f4nia \u00e9 de sofrimento. \u201cRealidade sofrida significa os povos est\u00e3o sofridos, e n\u00e3o apenas os ind\u00edgenas, mas os ribeirinhos, os povos que vivem do extrativismo, grupos isolados que n\u00e3o t\u00eam contato com os brancos\u201d, lembrou Dom Leonardo. \u201c\u00c9 muito importante a Igreja refletir essa realidade, e, por isso, o papa est\u00e1 chamando para Roma\u201d, destacou o secret\u00e1rio-geral da CNBB.<\/p>\n<figure id=\"attachment_62118\" class=\"wp-caption alignleft\" style=\"width: 312px;\"><img loading=\"lazy\" decoding=\"async\" class=\" wp-image-62118\" src=\"http:\/\/arquidiocesesalvador.org.br\/wp-content\/uploads\/sites\/114\/2018\/06\/CNBB2-300x200.jpg\" sizes=\"auto, (max-width: 300px) 100vw, 300px\" srcset=\"http:\/\/arquidiocesesalvador.org.br\/wp-content\/uploads\/sites\/114\/2018\/06\/CNBB2-300x200.jpg 300w, http:\/\/arquidiocesesalvador.org.br\/wp-content\/uploads\/sites\/114\/2018\/06\/CNBB2-768x512.jpg 768w, http:\/\/arquidiocesesalvador.org.br\/wp-content\/uploads\/sites\/114\/2018\/06\/CNBB2-750x500.jpg 750w, http:\/\/arquidiocesesalvador.org.br\/wp-content\/uploads\/sites\/114\/2018\/06\/CNBB2-610x407.jpg 610w, http:\/\/arquidiocesesalvador.org.br\/wp-content\/uploads\/sites\/114\/2018\/06\/CNBB2-414x276.jpg 414w, http:\/\/arquidiocesesalvador.org.br\/wp-content\/uploads\/sites\/114\/2018\/06\/CNBB2-470x313.jpg 470w, http:\/\/arquidiocesesalvador.org.br\/wp-content\/uploads\/sites\/114\/2018\/06\/CNBB2-640x426.jpg 640w, http:\/\/arquidiocesesalvador.org.br\/wp-content\/uploads\/sites\/114\/2018\/06\/CNBB2-130x86.jpg 130w, http:\/\/arquidiocesesalvador.org.br\/wp-content\/uploads\/sites\/114\/2018\/06\/CNBB2-187x124.jpg 187w, http:\/\/arquidiocesesalvador.org.br\/wp-content\/uploads\/sites\/114\/2018\/06\/CNBB2-990x660.jpg 990w, http:\/\/arquidiocesesalvador.org.br\/wp-content\/uploads\/sites\/114\/2018\/06\/CNBB2.jpg 1024w\" alt=\"\" width=\"312\" height=\"208\"><figcaption class=\"wp-caption-text\">Irm\u00e3 Maria Irene Lopes, assessora da Comiss\u00e3o Episcopal para a Amaz\u00f4nia, secret\u00e1ria executiva da REPAM-Brasil. Cr\u00e9dito: Matheus Souza\/CNBB<\/figcaption><\/figure>\n<p>\u201cAmaz\u00f4nia: novos caminhos para a igreja e para uma ecologia integral\u201d \u00e9 o tema do S\u00ednodo que ser\u00e1 realizado em outubro do ano que vem, mas que, de acordo com Papa Francisco, em janeiro desse ano, na visita ao Peru, em Porto Maldonado, j\u00e1 iniciou. Irm\u00e3 Maria Irene Lopes, assessora da Comiss\u00e3o Episcopal para a Amaz\u00f4nia, secret\u00e1ria executiva da REPAM-Brasil, Delegada da Confedera\u00e7\u00e3o Latino-Americana e Caribenha de Religiosos e Religiosas (CLAR) na Comiss\u00e3o Preparat\u00f3ria do S\u00ednodo e \u00fanica mulher da equipe, apresentou o Documento e os passos que ser\u00e3o realizados a partir de agora. \u201cO material tem tr\u00eas fases, o ver, o discernir e o agir, e nos prop\u00f5e a fazer isso a partir da Amaz\u00f4nia, das pessoas que est\u00e3o l\u00e1\u201d, frisou irm\u00e3 Irene.<\/p>\n<p>O objetivo do material \u00e9 preparar as comunidades para o S\u00ednodo e ouvi-las, para que essa grande assembleia repercuta, de fato, os clamores que saem das bases, o que \u00e9 um desejo expresso do Papa Francisco. De acordo com a religiosa o material precisa chegar a todas as pessoas do territ\u00f3rio amaz\u00f4nico para contribu\u00edrem no processo. \u201cO Documento ser\u00e1 utilizado nas assembleias territoriais, realizaremos cerca de 40 ao longo dos pr\u00f3ximos meses, e esse momento ser\u00e1 de escuta das bases: os ind\u00edgenas, os quilombolas, os ribeirinhos, as pessoas das cidades, os jovens\u2026 esse documento vai para as m\u00e3os das pessoas que est\u00e3o na Amaz\u00f4nia\u201d, refor\u00e7ou irm\u00e3 Irene.<\/p>\n<p>Ap\u00f3s esse per\u00edodo de escuta, os question\u00e1rios ser\u00e3o retomados pela equipe de assessores, sintetizados e transformados no Documento de Trabalho, que dever\u00e1 ser encaminhado aos participantes do S\u00ednodo.<\/p>\n<p><strong>Documento preparat\u00f3rio<\/strong><\/p>\n<p>O material foi constru\u00eddo por uma equipe de assessores e foi aprovado pelo Vaticano, em abril desse ano, quando houve a primeira reuni\u00e3o do Conselho Pr\u00e9-Sinodal. O Documento Preparat\u00f3rio \u00e9 composto por um texto-base, que oferece uma an\u00e1lise da conjuntura atual da Amaz\u00f4nia e aponta percursos e novos caminhos para a Igreja a servi\u00e7o da vida nesse bioma.<\/p>\n<p><img loading=\"lazy\" decoding=\"async\" class=\"alignleft size-medium wp-image-62119\" src=\"http:\/\/arquidiocesesalvador.org.br\/wp-content\/uploads\/sites\/114\/2018\/06\/CNBB-300x200.jpg\" sizes=\"auto, (max-width: 300px) 100vw, 300px\" srcset=\"http:\/\/arquidiocesesalvador.org.br\/wp-content\/uploads\/sites\/114\/2018\/06\/CNBB-300x200.jpg 300w, http:\/\/arquidiocesesalvador.org.br\/wp-content\/uploads\/sites\/114\/2018\/06\/CNBB-768x512.jpg 768w, http:\/\/arquidiocesesalvador.org.br\/wp-content\/uploads\/sites\/114\/2018\/06\/CNBB-750x500.jpg 750w, http:\/\/arquidiocesesalvador.org.br\/wp-content\/uploads\/sites\/114\/2018\/06\/CNBB-610x407.jpg 610w, http:\/\/arquidiocesesalvador.org.br\/wp-content\/uploads\/sites\/114\/2018\/06\/CNBB-414x276.jpg 414w, http:\/\/arquidiocesesalvador.org.br\/wp-content\/uploads\/sites\/114\/2018\/06\/CNBB-470x313.jpg 470w, http:\/\/arquidiocesesalvador.org.br\/wp-content\/uploads\/sites\/114\/2018\/06\/CNBB-640x426.jpg 640w, http:\/\/arquidiocesesalvador.org.br\/wp-content\/uploads\/sites\/114\/2018\/06\/CNBB-130x86.jpg 130w, http:\/\/arquidiocesesalvador.org.br\/wp-content\/uploads\/sites\/114\/2018\/06\/CNBB-187x124.jpg 187w, http:\/\/arquidiocesesalvador.org.br\/wp-content\/uploads\/sites\/114\/2018\/06\/CNBB-990x660.jpg 990w, http:\/\/arquidiocesesalvador.org.br\/wp-content\/uploads\/sites\/114\/2018\/06\/CNBB.jpg 1024w\" alt=\"\" width=\"300\" height=\"200\">Dos 13 expertos que auxiliaram na escrita do Documento Preparat\u00f3rio, 3 s\u00e3o brasileiros e membros da REPAM-Brasil. O texto est\u00e1 dividido em tr\u00eas partes, segundo o m\u00e9todo&nbsp;<strong>ver<\/strong>,<strong>discernir&nbsp;<\/strong>e&nbsp;<strong>agir<\/strong>. Ao final do material est\u00e3o algumas quest\u00f5es que permitem um di\u00e1logo e uma progressiva aproxima\u00e7\u00e3o da realidade para que as popula\u00e7\u00f5es da Amaz\u00f4nia sejam ouvidas.<\/p>\n<p><strong>A primeira parte \u00e9 o VER, um convite a olhar a identidade e os clamores da Pan-Amaz\u00f4nia<\/strong>. Territ\u00f3rio, diversidade sociocultural, identidade dos povos ind\u00edgenas, mem\u00f3ria hist\u00f3rica eclesial, justi\u00e7a e direitos dos povos, espiritualidade e sabedoria, s\u00e3o os pontos apresentados nessa parte do texto. Segundo o documento preparat\u00f3rio, \u201cem sua hist\u00f3ria mission\u00e1ria, a Amaz\u00f4nia tem sido lugar de testemunho concreto de estar na cruz, inclusive, muitas vezes, lugar de mart\u00edrio. A Igreja tamb\u00e9m aprendeu que neste territ\u00f3rio, habitado por mais de 10 mil anos por uma grande diversidade de povos, suas culturas se constru\u00edram em harmonia com o meio ambiente\u201d.<\/p>\n<p><strong>O DISCERNIR \u00e9 a segunda parte do documento que ilumina as reflex\u00f5es para uma convers\u00e3o pastoral e ecol\u00f3gica<\/strong>. O an\u00fancio do Evangelho de Jesus na Amaz\u00f4nia \u00e9 apresentado a partir das dimens\u00f5es b\u00edblico-teol\u00f3gica, social, ecol\u00f3gica, sacramental e eclesial-mission\u00e1ria. \u201cHoje o grito da Amaz\u00f4nia ao Criador \u00e9 semelhante ao grito do povo de Deus no Egito (cf. Ex 3,7). \u00c9 um grito de escravid\u00e3o e abandono, que clama pela liberdade e o cuidado de Deus. \u00c9 um grito que anseia pela presen\u00e7a de Deus, especialmente quando os povos amaz\u00f4nicos, por defender suas terras, s\u00e3o criminalizados por parte das autoridades; ou quando s\u00e3o testemunhas da destrui\u00e7\u00e3o do bosque tropical, que constitui seu habitat milenar; ou, ainda, quando as \u00e1guas de seus rios se enchem de esp\u00e9cies mortas no lugar de estarem plenas de vida\u201d, afirma o texto de prepara\u00e7\u00e3o.<\/p>\n<p>Por fim, o documento, na \u00faltima parte, provoca a a\u00e7\u00e3o, a&nbsp;<strong>AGIR: novos caminhos para uma Igreja com rosto amaz\u00f4nico<\/strong><strong>.<\/strong>&nbsp;O texto reflete o que seria esse rosto, a dimens\u00e3o prof\u00e9tica, os minist\u00e9rios e os novos caminhos. \u201cNo processo de pensar uma Igreja com rosto amaz\u00f4nico, sonhamos com os p\u00e9s fincados na terra de nossos ancestrais e com os olhos abertos pensamos como ser\u00e1 essa Igreja a partir da viv\u00eancia da diversidade cultural dos povos. Os novos caminhos ter\u00e3o uma incid\u00eancia nos minist\u00e9rios, na liturgia e na teologia (teologia ind\u00edgena)\u201d, destaca o texto.<\/p>\n<p>Ap\u00f3s as reflex\u00f5es realizadas pelo documento, uma s\u00e9rie de quest\u00f5es s\u00e3o apresentadas para contribuir com a escuta das realidades da Pan-Amaz\u00f4nia. O question\u00e1rio est\u00e1 dividido, metodologicamente, de acordo com as partes do documento para facilitar os trabalhos que ser\u00e3o realizados pelas comunidades e grupos que responder\u00e3o as perguntas.<\/p>\n<p>O documento preparat\u00f3rio termina com as palavras de Francisco em Porto Maldonado, no momento em que abre, oficialmente, o S\u00ednodo especial para a Amaz\u00f4nia: \u201cAjudai os vossos Bispos, ajudai os vossos mission\u00e1rios e as vossas mission\u00e1rias a fazerem-se um s\u00f3 convosco e assim, dialogando com todos, podeis plasmar uma Igreja com rosto amaz\u00f4nico e uma Igreja com rosto ind\u00edgena. Com esse esp\u00edrito, convoquei um S\u00ednodo para a Amaz\u00f4nia no ano de 2019\u201d.<\/p>\n<p><strong>S\u00ednodo para a Amaz\u00f4nia<\/strong><\/p>\n<p>O S\u00ednodo para Amaz\u00f4nia foi uma resposta do Papa Francisco \u00e0 realidade da Pan-Amaz\u00f4nia. De acordo com Francisco, \u201c o objetivo principal desta convoca\u00e7\u00e3o \u00e9 identificar novos caminhos para a evangeliza\u00e7\u00e3o daquela por\u00e7\u00e3o do Povo de Deus, especialmente dos ind\u00edgenas, frequentemente esquecidos e sem perspectivas de um futuro sereno, tamb\u00e9m por causa da crise da Floresta Amaz\u00f4nica, pulm\u00e3o de capital import\u00e2ncia para nosso planeta. Que os&nbsp;novos Santos&nbsp;intercedam por este evento eclesial para que, no respeito da beleza da Cria\u00e7\u00e3o, todos os povos da terra louvem a Deus, Senhor do universo, e por Ele iluminados, percorram caminhos de justi\u00e7a e de paz\u201d. (CNBB)<\/p>\n","protected":false},"excerpt":{"rendered":"<p>O Documento Preparat\u00f3rio do S\u00ednodo para a Amaz\u00f4nia foi apresentado pela Rede Eclesial Pan-Amaz\u00f4nica (REPAM), juntamente com a Comiss\u00e3o Episcopal para a Amaz\u00f4nia, institui\u00e7\u00f5es parceiras e pastorais para divulgar o material que j\u00e1 est\u00e1 dispon\u00edvel. Dom Leonardo Steiner, secret\u00e1rio-geral da Confer\u00eancia Nacional dos Bispos do Brasil (CNBB), presidiu a celebra\u00e7\u00e3o de abertura do evento na&nbsp;<\/p>\n<p><a class=\"btn btn-style\" href=\"http:\/\/portalcatolico.net\/portal\/documento-preparatorio-do-sinodo-para-a-amazonia-e-lancado-em-coletiva-de-imprensa-em-brasilia\/\">Continue Reading<\/a><\/p>\n","protected":false},"author":2,"featured_media":56637,"comment_status":"open","ping_status":"open","sticky":false,"template":"","format":"standard","meta":{"footnotes":""},"categories":[4],"tags":[],"class_list":["post-56636","post","type-post","status-publish","format-standard","has-post-thumbnail","hentry","category-destaques"],"_links":{"self":[{"href":"http:\/\/portalcatolico.net\/portal\/wp-json\/wp\/v2\/posts\/56636","targetHints":{"allow":["GET"]}}],"collection":[{"href":"http:\/\/portalcatolico.net\/portal\/wp-json\/wp\/v2\/posts"}],"about":[{"href":"http:\/\/portalcatolico.net\/portal\/wp-json\/wp\/v2\/types\/post"}],"author":[{"embeddable":true,"href":"http:\/\/portalcatolico.net\/portal\/wp-json\/wp\/v2\/users\/2"}],"replies":[{"embeddable":true,"href":"http:\/\/portalcatolico.net\/portal\/wp-json\/wp\/v2\/comments?post=56636"}],"version-history":[{"count":1,"href":"http:\/\/portalcatolico.net\/portal\/wp-json\/wp\/v2\/posts\/56636\/revisions"}],"predecessor-version":[{"id":56638,"href":"http:\/\/portalcatolico.net\/portal\/wp-json\/wp\/v2\/posts\/56636\/revisions\/56638"}],"wp:featuredmedia":[{"embeddable":true,"href":"http:\/\/portalcatolico.net\/portal\/wp-json\/wp\/v2\/media\/56637"}],"wp:attachment":[{"href":"http:\/\/portalcatolico.net\/portal\/wp-json\/wp\/v2\/media?parent=56636"}],"wp:term":[{"taxonomy":"category","embeddable":true,"href":"http:\/\/portalcatolico.net\/portal\/wp-json\/wp\/v2\/categories?post=56636"},{"taxonomy":"post_tag","embeddable":true,"href":"http:\/\/portalcatolico.net\/portal\/wp-json\/wp\/v2\/tags?post=56636"}],"curies":[{"name":"wp","href":"https:\/\/api.w.org\/{rel}","templated":true}]}}